{"id":77030,"date":"2025-09-22T11:00:59","date_gmt":"2025-09-22T09:00:59","guid":{"rendered":"https:\/\/www.casariche.es\/?p=77030"},"modified":"2025-09-19T14:21:12","modified_gmt":"2025-09-19T12:21:12","slug":"la-delegacion-de-juventud-te-invita-a-vivir-la-noche-en-blanco-de-sevilla-el-proximo-3-de-octubre","status":"publish","type":"post","link":"http:\/\/www.casariche.es\/?p=77030","title":{"rendered":"La Delegaci\u00f3n de Juventud te invita a vivir la &#8216;Noche en Blanco&#8217; de Sevilla el pr\u00f3ximo 3 de octubre"},"content":{"rendered":"<p style=\"text-align: justify;\" data-start=\"186\" data-end=\"637\">El pr\u00f3ximo <strong>3 de octubre, Sevilla celebrar\u00e1 la duod\u00e9cima edici\u00f3n de la \u2018Noche en Blanco\u2019<\/strong>, una cita ya consolidada en el calendario cultural andaluz. El evento est\u00e1 organizado por la asociaci\u00f3n sevillasemueve y el programa completo de actividades se puede consultar en: <a class=\"decorated-link cursor-pointer\" target=\"_new\" rel=\"noopener\" data-start=\"1271\" data-end=\"1324\">www.nocheenblanco.org.<\/a><\/p>\n<p style=\"text-align: justify;\" data-start=\"186\" data-end=\"637\">Desde la Delegaci\u00f3n de Juventud, <strong>se propone a los j\u00f3venes y vecinos de Casariche sumarse a esta experiencia \u00fanica, que transforma la capital hispalense en un gran escenario abierto a la cultura, el arte, la historia, la ciencia y la creatividad<\/strong>.<\/p>\n<p style=\"text-align: justify;\" data-start=\"186\" data-end=\"637\">Las <strong data-start=\"1509\" data-end=\"1526\">inscripciones<\/strong> <strong>deben realizarse a trav\u00e9s del portal municipal:<\/strong> <a class=\"decorated-link\" href=\"https:\/\/inscripciones.casariche.es\" target=\"_new\" rel=\"noopener\" data-start=\"1575\" data-end=\"1647\">https:\/\/inscripciones.casariche.es<\/a> <strong>o en la<\/strong> <strong data-start=\"1656\" data-end=\"1699\">Oficina de Informaci\u00f3n del Ayuntamiento<\/strong>.<\/p>\n<p style=\"text-align: justify;\" data-start=\"639\" data-end=\"832\"><strong>La salida en autob\u00fas desde Casariche est\u00e1 prevista a las 18:00 horas, desde el Parque Las Trece Rosas (C\/ Juli\u00e1n Besteiro), con regreso aproximado a las 02:00 horas de la madrugada.<\/strong><\/p>\n<p style=\"text-align: justify;\" data-start=\"834\" data-end=\"1144\">La actividad, con un coste de <strong data-start=\"864\" data-end=\"888\">10\u20ac por persona<\/strong> (plazas limitadas), ofrece la oportunidad de disfrutar de una <strong data-start=\"951\" data-end=\"1017\">programaci\u00f3n cultural nocturna variada y para todos los gustos<\/strong>, con acceso a exposiciones, espect\u00e1culos, visitas guiadas, conciertos y m\u00e1s, todo ello en un ambiente festivo y lleno de vida.<\/p>\n<p style=\"text-align: justify;\" data-start=\"1327\" data-end=\"1503\">Para <strong>m\u00e1s informaci\u00f3n, las personas interesadas pueden dirigirse a la Casa de la Juventud, consultar las redes sociales de la Delegaci\u00f3n de Juventud, o llamar al 667 543 228.<\/strong><\/p>\n<p style=\"text-align: justify;\" data-start=\"1707\" data-end=\"1838\">\u00a1No dejes pasar esta oportunidad y acomp\u00e1\u00f1anos a vivir una noche diferente en Sevilla, donde la cultura se vive a pie de calle!<\/p>\n<p data-start=\"1707\" data-end=\"1838\"><img loading=\"lazy\" decoding=\"async\" class=\"alignnone size-full wp-image-77032\" src=\"http:\/\/www.casariche.es\/wp-content\/uploads\/2025\/09\/noche-en-blanco-sevilla.jpg\" alt=\"\" width=\"1131\" height=\"1600\" srcset=\"http:\/\/www.casariche.es\/wp-content\/uploads\/2025\/09\/noche-en-blanco-sevilla.jpg 1131w, http:\/\/www.casariche.es\/wp-content\/uploads\/2025\/09\/noche-en-blanco-sevilla-212x300.jpg 212w, http:\/\/www.casariche.es\/wp-content\/uploads\/2025\/09\/noche-en-blanco-sevilla-724x1024.jpg 724w, http:\/\/www.casariche.es\/wp-content\/uploads\/2025\/09\/noche-en-blanco-sevilla-768x1086.jpg 768w, http:\/\/www.casariche.es\/wp-content\/uploads\/2025\/09\/noche-en-blanco-sevilla-1086x1536.jpg 1086w\" sizes=\"auto, (max-width: 1131px) 100vw, 1131px\" \/><\/p>\n","protected":false},"excerpt":{"rendered":"<p>El pr\u00f3ximo 3 de octubre, Sevilla celebrar\u00e1 la duod\u00e9cima edici\u00f3n de la \u2018Noche en Blanco\u2019, una cita ya consolidada en el calendario cultural andaluz. El<\/p>\n","protected":false},"author":2,"featured_media":77032,"comment_status":"closed","ping_status":"closed","sticky":false,"template":"","format":"standard","meta":{"footnotes":""},"categories":[1],"tags":[1968,1170],"class_list":["post-77030","post","type-post","status-publish","format-standard","has-post-thumbnail","hentry","category-sin-categoria","tag-blanco","tag-noche"],"_links":{"self":[{"href":"http:\/\/www.casariche.es\/index.php?rest_route=\/wp\/v2\/posts\/77030","targetHints":{"allow":["GET"]}}],"collection":[{"href":"http:\/\/www.casariche.es\/index.php?rest_route=\/wp\/v2\/posts"}],"about":[{"href":"http:\/\/www.casariche.es\/index.php?rest_route=\/wp\/v2\/types\/post"}],"author":[{"embeddable":true,"href":"http:\/\/www.casariche.es\/index.php?rest_route=\/wp\/v2\/users\/2"}],"replies":[{"embeddable":true,"href":"http:\/\/www.casariche.es\/index.php?rest_route=%2Fwp%2Fv2%2Fcomments&post=77030"}],"version-history":[{"count":4,"href":"http:\/\/www.casariche.es\/index.php?rest_route=\/wp\/v2\/posts\/77030\/revisions"}],"predecessor-version":[{"id":77040,"href":"http:\/\/www.casariche.es\/index.php?rest_route=\/wp\/v2\/posts\/77030\/revisions\/77040"}],"wp:featuredmedia":[{"embeddable":true,"href":"http:\/\/www.casariche.es\/index.php?rest_route=\/wp\/v2\/media\/77032"}],"wp:attachment":[{"href":"http:\/\/www.casariche.es\/index.php?rest_route=%2Fwp%2Fv2%2Fmedia&parent=77030"}],"wp:term":[{"taxonomy":"category","embeddable":true,"href":"http:\/\/www.casariche.es\/index.php?rest_route=%2Fwp%2Fv2%2Fcategories&post=77030"},{"taxonomy":"post_tag","embeddable":true,"href":"http:\/\/www.casariche.es\/index.php?rest_route=%2Fwp%2Fv2%2Ftags&post=77030"}],"curies":[{"name":"wp","href":"https:\/\/api.w.org\/{rel}","templated":true}]}}