{"id":75790,"date":"2025-07-18T10:30:22","date_gmt":"2025-07-18T08:30:22","guid":{"rendered":"https:\/\/www.casariche.es\/?p=75790"},"modified":"2025-07-18T10:38:23","modified_gmt":"2025-07-18T08:38:23","slug":"el-casaricheno-adrian-rodriguez-verde-nuevo-jugador-del-arenas-club-de-getxo","status":"publish","type":"post","link":"http:\/\/www.casariche.es\/?p=75790","title":{"rendered":"El casariche\u00f1o Adri\u00e1n Rodr\u00edguez \u201cVerde\u201d, nuevo jugador del Arenas Club de Getxo"},"content":{"rendered":"<p style=\"text-align: justify;\" data-start=\"173\" data-end=\"414\">El futbolista casariche\u00f1o <strong>Adri\u00e1n Rodr\u00edguez \u201cVerde\u201d, mediocentro de 22 a\u00f1os, ha sido fichado por el Arenas Club de Getxo (Vizcaya), equipo que milita en Primera RFEF,<\/strong> para la temporada <strong data-start=\"359\" data-end=\"372\">2025\/2026<\/strong>, tras su paso por el Real Valladolid.<\/p>\n<p style=\"text-align: justify;\" data-start=\"416\" data-end=\"757\">Cabe destacar que Adri\u00e1n <strong>ha sido internacional sub-20 con la Selecci\u00f3n Espa\u00f1ola, y ha disputado las dos \u00faltimas temporadas con el filial del Real Valladolid, llegando a ser convocado con el primer equipo en marzo de este mismo a\u00f1o. Anteriormente, form\u00f3 parte de las categor\u00edas inferiores del Atl\u00e9tico de Madrid y del CD Estepona.<\/strong><\/p>\n<p style=\"text-align: justify;\" data-start=\"759\" data-end=\"993\">Desde la <strong data-start=\"768\" data-end=\"824\">Delegaci\u00f3n de Deportes del Ayuntamiento de Casariche<\/strong>, queremos trasladarle nuestra <strong data-start=\"855\" data-end=\"887\">enhorabuena y mejores deseos<\/strong> en esta nueva etapa profesional, confiando en que contin\u00fae cosechando \u00e9xitos en su trayectoria deportiva.<\/p>\n<p data-start=\"759\" data-end=\"993\">(Foto: Arenas Club de Getxo)<\/p>\n<p data-start=\"759\" data-end=\"993\"><img loading=\"lazy\" decoding=\"async\" class=\"alignnone size-full wp-image-75818\" src=\"http:\/\/www.casariche.es\/wp-content\/uploads\/2025\/07\/verde-es-arenero.jpg\" alt=\"\" width=\"1080\" height=\"1350\" srcset=\"http:\/\/www.casariche.es\/wp-content\/uploads\/2025\/07\/verde-es-arenero.jpg 1080w, http:\/\/www.casariche.es\/wp-content\/uploads\/2025\/07\/verde-es-arenero-240x300.jpg 240w, http:\/\/www.casariche.es\/wp-content\/uploads\/2025\/07\/verde-es-arenero-819x1024.jpg 819w, http:\/\/www.casariche.es\/wp-content\/uploads\/2025\/07\/verde-es-arenero-768x960.jpg 768w\" sizes=\"auto, (max-width: 1080px) 100vw, 1080px\" \/><\/p>\n","protected":false},"excerpt":{"rendered":"<p>El futbolista casariche\u00f1o Adri\u00e1n Rodr\u00edguez \u201cVerde\u201d, mediocentro de 22 a\u00f1os, ha sido fichado por el Arenas Club de Getxo (Vizcaya), equipo que milita en Primera<\/p>\n","protected":false},"author":2,"featured_media":75818,"comment_status":"closed","ping_status":"closed","sticky":false,"template":"","format":"standard","meta":{"footnotes":""},"categories":[1],"tags":[],"class_list":["post-75790","post","type-post","status-publish","format-standard","has-post-thumbnail","hentry","category-sin-categoria"],"_links":{"self":[{"href":"http:\/\/www.casariche.es\/index.php?rest_route=\/wp\/v2\/posts\/75790","targetHints":{"allow":["GET"]}}],"collection":[{"href":"http:\/\/www.casariche.es\/index.php?rest_route=\/wp\/v2\/posts"}],"about":[{"href":"http:\/\/www.casariche.es\/index.php?rest_route=\/wp\/v2\/types\/post"}],"author":[{"embeddable":true,"href":"http:\/\/www.casariche.es\/index.php?rest_route=\/wp\/v2\/users\/2"}],"replies":[{"embeddable":true,"href":"http:\/\/www.casariche.es\/index.php?rest_route=%2Fwp%2Fv2%2Fcomments&post=75790"}],"version-history":[{"count":3,"href":"http:\/\/www.casariche.es\/index.php?rest_route=\/wp\/v2\/posts\/75790\/revisions"}],"predecessor-version":[{"id":75820,"href":"http:\/\/www.casariche.es\/index.php?rest_route=\/wp\/v2\/posts\/75790\/revisions\/75820"}],"wp:featuredmedia":[{"embeddable":true,"href":"http:\/\/www.casariche.es\/index.php?rest_route=\/wp\/v2\/media\/75818"}],"wp:attachment":[{"href":"http:\/\/www.casariche.es\/index.php?rest_route=%2Fwp%2Fv2%2Fmedia&parent=75790"}],"wp:term":[{"taxonomy":"category","embeddable":true,"href":"http:\/\/www.casariche.es\/index.php?rest_route=%2Fwp%2Fv2%2Fcategories&post=75790"},{"taxonomy":"post_tag","embeddable":true,"href":"http:\/\/www.casariche.es\/index.php?rest_route=%2Fwp%2Fv2%2Ftags&post=75790"}],"curies":[{"name":"wp","href":"https:\/\/api.w.org\/{rel}","templated":true}]}}