{"id":75045,"date":"2025-06-26T09:00:35","date_gmt":"2025-06-26T07:00:35","guid":{"rendered":"https:\/\/www.casariche.es\/?p=75045"},"modified":"2025-06-26T09:03:33","modified_gmt":"2025-06-26T07:03:33","slug":"nuestro-ayuntamiento-luce-ya-las-pancartas-lgbtiqa-y-del-orgullo-trans","status":"publish","type":"post","link":"http:\/\/www.casariche.es\/?p=75045","title":{"rendered":"Nuestro Ayuntamiento luce ya las pancartas LGBTIQA+ y del orgullo trans"},"content":{"rendered":"<p style=\"text-align: justify;\" data-start=\"254\" data-end=\"549\">Con motivo de la conmemoraci\u00f3n del <strong data-start=\"126\" data-end=\"150\">D\u00eda del Orgullo 2025<\/strong>, <strong>la fachada del Ayuntamiento de Casariche luce ya la pancarta\u00a0del colectivo LGBTIQA+, a la que este a\u00f1o se incorpora tambi\u00e9n la bandera del orgullo trans, como muestra de nuestro compromiso con el respeto, la inclusi\u00f3n y la visibilidad de todas las identidades<\/strong>.<\/p>\n<p style=\"text-align: justify;\" data-start=\"551\" data-end=\"673\">Recordamos que este <strong data-start=\"559\" data-end=\"582\">viernes 27 de junio<\/strong> celebraremos el <strong data-start=\"599\" data-end=\"632\">acto central del Orgullo 2025<\/strong> con una jornada diversa y participativa, que comenzar\u00e1 con una Mesa Informativa en la Plaza del Ayuntamiento, en horario de 9:00 a 11:00 h.<\/p>\n<p style=\"text-align: justify;\">Por la tarde, se llevar\u00e1 a cabo la<strong> 1\u00aa Marcha del Orgullo LGBTIQA+<\/strong> en Casariche, que partir\u00e1 a las 20:00 h y contar\u00e1 con la entrega de merchandising (pulseras, pegatinas y banderitas) como s\u00edmbolo de apoyo y celebraci\u00f3n. Adem\u00e1s, <strong>se sortear\u00e1n dos l\u00e1minas donadas por nuestro artista local DALOPO, creadas para el Orgullo 2023<\/strong>, entre todas las personas asistentes a la marcha.<\/p>\n<p style=\"text-align: justify;\">Al finalizar la misma, se proceder\u00e1 a la presentaci\u00f3n oficial del <strong>\u00abPunto Visible\u00bb en Casariche<\/strong>, un espacio en el <strong data-start=\"1204\" data-end=\"1226\">Centro de Igualdad<\/strong> destinado al acompa\u00f1amiento, atenci\u00f3n y orientaci\u00f3n a personas LGBTIQA+.<\/p>\n<p style=\"text-align: justify;\" data-start=\"1301\" data-end=\"1413\">Como cierre, se proceder\u00e1 a la <strong data-start=\"1335\" data-end=\"1361\">lectura del manifiesto<\/strong> <strong>y a la inauguraci\u00f3n de una placa conmemorativa<\/strong>.<\/p>\n<p style=\"text-align: justify;\" data-start=\"1415\" data-end=\"1503\">Una tarde para celebrar la <strong data-start=\"1442\" data-end=\"1482\">diversidad, el respeto y la igualdad<\/strong>. \u00a1Te esperamos!<\/p>\n<p style=\"text-align: justify;\"><img loading=\"lazy\" decoding=\"async\" class=\"alignnone size-full wp-image-75046\" src=\"http:\/\/www.casariche.es\/wp-content\/uploads\/2025\/06\/bandera-orgullo-en-ayuntamientp.jpg\" alt=\"\" width=\"1600\" height=\"900\" srcset=\"http:\/\/www.casariche.es\/wp-content\/uploads\/2025\/06\/bandera-orgullo-en-ayuntamientp.jpg 1600w, http:\/\/www.casariche.es\/wp-content\/uploads\/2025\/06\/bandera-orgullo-en-ayuntamientp-300x169.jpg 300w, http:\/\/www.casariche.es\/wp-content\/uploads\/2025\/06\/bandera-orgullo-en-ayuntamientp-1024x576.jpg 1024w, http:\/\/www.casariche.es\/wp-content\/uploads\/2025\/06\/bandera-orgullo-en-ayuntamientp-768x432.jpg 768w, http:\/\/www.casariche.es\/wp-content\/uploads\/2025\/06\/bandera-orgullo-en-ayuntamientp-1536x864.jpg 1536w\" sizes=\"auto, (max-width: 1600px) 100vw, 1600px\" \/><\/p>\n","protected":false},"excerpt":{"rendered":"<p>Con motivo de la conmemoraci\u00f3n del D\u00eda del Orgullo 2025, la fachada del Ayuntamiento de Casariche luce ya la pancarta\u00a0del colectivo LGBTIQA+, a la que<\/p>\n","protected":false},"author":2,"featured_media":75046,"comment_status":"closed","ping_status":"closed","sticky":false,"template":"","format":"standard","meta":{"footnotes":""},"categories":[1],"tags":[535,253,1736],"class_list":["post-75045","post","type-post","status-publish","format-standard","has-post-thumbnail","hentry","category-sin-categoria","tag-conmemoracion","tag-marcha","tag-orgullo"],"_links":{"self":[{"href":"http:\/\/www.casariche.es\/index.php?rest_route=\/wp\/v2\/posts\/75045","targetHints":{"allow":["GET"]}}],"collection":[{"href":"http:\/\/www.casariche.es\/index.php?rest_route=\/wp\/v2\/posts"}],"about":[{"href":"http:\/\/www.casariche.es\/index.php?rest_route=\/wp\/v2\/types\/post"}],"author":[{"embeddable":true,"href":"http:\/\/www.casariche.es\/index.php?rest_route=\/wp\/v2\/users\/2"}],"replies":[{"embeddable":true,"href":"http:\/\/www.casariche.es\/index.php?rest_route=%2Fwp%2Fv2%2Fcomments&post=75045"}],"version-history":[{"count":5,"href":"http:\/\/www.casariche.es\/index.php?rest_route=\/wp\/v2\/posts\/75045\/revisions"}],"predecessor-version":[{"id":75067,"href":"http:\/\/www.casariche.es\/index.php?rest_route=\/wp\/v2\/posts\/75045\/revisions\/75067"}],"wp:featuredmedia":[{"embeddable":true,"href":"http:\/\/www.casariche.es\/index.php?rest_route=\/wp\/v2\/media\/75046"}],"wp:attachment":[{"href":"http:\/\/www.casariche.es\/index.php?rest_route=%2Fwp%2Fv2%2Fmedia&parent=75045"}],"wp:term":[{"taxonomy":"category","embeddable":true,"href":"http:\/\/www.casariche.es\/index.php?rest_route=%2Fwp%2Fv2%2Fcategories&post=75045"},{"taxonomy":"post_tag","embeddable":true,"href":"http:\/\/www.casariche.es\/index.php?rest_route=%2Fwp%2Fv2%2Ftags&post=75045"}],"curies":[{"name":"wp","href":"https:\/\/api.w.org\/{rel}","templated":true}]}}