{"id":73356,"date":"2025-05-06T13:30:16","date_gmt":"2025-05-06T11:30:16","guid":{"rendered":"https:\/\/www.casariche.es\/?p=73356"},"modified":"2026-03-11T16:58:57","modified_gmt":"2026-03-11T15:58:57","slug":"la-santa-cruz-recorrera-las-calles-de-casariche-este-sabado-10-de-mayo","status":"publish","type":"post","link":"http:\/\/www.casariche.es\/?p=73356","title":{"rendered":"La Santa Cruz recorrer\u00e1 las calles de Casariche este s\u00e1bado 10 de mayo"},"content":{"rendered":"<header class=\"entry-header\">\n<div class=\"entry-meta\" style=\"text-align: justify;\">\n<p class=\"\" style=\"text-align: justify;\" data-start=\"158\" data-end=\"411\">Un a\u00f1o m\u00e1s, y como ya marca la tradici\u00f3n, <strong>el paso de la Santa Cruz de Casariche saldr\u00e1 en procesi\u00f3n por las calles de nuestra localidad en el mes de mayo.<\/strong><\/p>\n<p class=\"\" style=\"text-align: justify;\" data-start=\"158\" data-end=\"411\">En esta ocasi\u00f3n, la cita ser\u00e1 el pr\u00f3ximo <strong>s\u00e1bado 10 de mayo desde la Avda. Triana a las 19:00h\u00a0<\/strong>donde nuestros j\u00f3venes costaleros comenzar\u00e1n su recorrido por diferentes zonas de nuestra localidad. Adem\u00e1s,\u00a0este 2025, el cortejo <strong>contar\u00e1 con el acompa\u00f1amiento musical de la Asociaci\u00f3n Musical de Ntro. Padre Jes\u00fas Nazareno de La Roda de Andaluc\u00eda<\/strong>.<\/p>\n<p>\u00a1Os esperamos!<\/p>\n<\/div>\n<p data-start=\"413\" data-end=\"598\"><img loading=\"lazy\" decoding=\"async\" class=\"alignnone size-full wp-image-81534\" src=\"http:\/\/www.casariche.es\/wp-content\/uploads\/2025\/05\/SANTA-CRUZ-CASARICHE-10-MAYO-LOGOS-OK.jpeg.jpg\" alt=\"\" width=\"893\" height=\"1262\" srcset=\"http:\/\/www.casariche.es\/wp-content\/uploads\/2025\/05\/SANTA-CRUZ-CASARICHE-10-MAYO-LOGOS-OK.jpeg.jpg 893w, http:\/\/www.casariche.es\/wp-content\/uploads\/2025\/05\/SANTA-CRUZ-CASARICHE-10-MAYO-LOGOS-OK.jpeg-212x300.jpg 212w, http:\/\/www.casariche.es\/wp-content\/uploads\/2025\/05\/SANTA-CRUZ-CASARICHE-10-MAYO-LOGOS-OK.jpeg-725x1024.jpg 725w, http:\/\/www.casariche.es\/wp-content\/uploads\/2025\/05\/SANTA-CRUZ-CASARICHE-10-MAYO-LOGOS-OK.jpeg-768x1085.jpg 768w\" sizes=\"auto, (max-width: 893px) 100vw, 893px\" \/><\/p>\n<\/header>\n","protected":false},"excerpt":{"rendered":"<p>Un a\u00f1o m\u00e1s, y como ya marca la tradici\u00f3n, el paso de la Santa Cruz de Casariche saldr\u00e1 en procesi\u00f3n por las calles de nuestra<\/p>\n","protected":false},"author":2,"featured_media":81534,"comment_status":"closed","ping_status":"closed","sticky":false,"template":"","format":"standard","meta":{"footnotes":""},"categories":[1],"tags":[],"class_list":["post-73356","post","type-post","status-publish","format-standard","has-post-thumbnail","hentry","category-sin-categoria"],"_links":{"self":[{"href":"http:\/\/www.casariche.es\/index.php?rest_route=\/wp\/v2\/posts\/73356","targetHints":{"allow":["GET"]}}],"collection":[{"href":"http:\/\/www.casariche.es\/index.php?rest_route=\/wp\/v2\/posts"}],"about":[{"href":"http:\/\/www.casariche.es\/index.php?rest_route=\/wp\/v2\/types\/post"}],"author":[{"embeddable":true,"href":"http:\/\/www.casariche.es\/index.php?rest_route=\/wp\/v2\/users\/2"}],"replies":[{"embeddable":true,"href":"http:\/\/www.casariche.es\/index.php?rest_route=%2Fwp%2Fv2%2Fcomments&post=73356"}],"version-history":[{"count":6,"href":"http:\/\/www.casariche.es\/index.php?rest_route=\/wp\/v2\/posts\/73356\/revisions"}],"predecessor-version":[{"id":81536,"href":"http:\/\/www.casariche.es\/index.php?rest_route=\/wp\/v2\/posts\/73356\/revisions\/81536"}],"wp:featuredmedia":[{"embeddable":true,"href":"http:\/\/www.casariche.es\/index.php?rest_route=\/wp\/v2\/media\/81534"}],"wp:attachment":[{"href":"http:\/\/www.casariche.es\/index.php?rest_route=%2Fwp%2Fv2%2Fmedia&parent=73356"}],"wp:term":[{"taxonomy":"category","embeddable":true,"href":"http:\/\/www.casariche.es\/index.php?rest_route=%2Fwp%2Fv2%2Fcategories&post=73356"},{"taxonomy":"post_tag","embeddable":true,"href":"http:\/\/www.casariche.es\/index.php?rest_route=%2Fwp%2Fv2%2Ftags&post=73356"}],"curies":[{"name":"wp","href":"https:\/\/api.w.org\/{rel}","templated":true}]}}