{"id":73348,"date":"2025-05-06T12:00:20","date_gmt":"2025-05-06T10:00:20","guid":{"rendered":"https:\/\/www.casariche.es\/?p=73348"},"modified":"2025-05-06T10:52:10","modified_gmt":"2025-05-06T08:52:10","slug":"el-centro-de-participacion-activa-de-mayores-de-casariche-celebra-la-cruz-de-mayo-este-jueves-dia-8","status":"publish","type":"post","link":"http:\/\/www.casariche.es\/?p=73348","title":{"rendered":"El Centro de Participaci\u00f3n Activa de Mayores de Casariche celebra la Cruz de Mayo este jueves d\u00eda 8"},"content":{"rendered":"<p style=\"text-align: justify;\"><strong>Este jueves 8 de mayo, a partir de las 11:30h, el Centro de Participaci\u00f3n Activa de Personas Mayores de Casariche conmemora la tradicional festividad de la Cruz de Mayo<\/strong> con una emotiva jornada.<\/p>\n<p style=\"text-align: justify;\">La ma\u00f1ana incluir\u00e1 la <strong>lectura de poes\u00edas y un rezo en honor a la Santa Cruz, y finalizar\u00e1 con una alegre exhibici\u00f3n de baile<\/strong> a cargo del grupo del taller de sevillanas.<\/p>\n<p style=\"text-align: justify;\">\u00a1Os esperamos!<\/p>\n<p><img loading=\"lazy\" decoding=\"async\" class=\"alignnone size-full wp-image-73349\" src=\"http:\/\/www.casariche.es\/wp-content\/uploads\/2025\/05\/cruz-mayo-hogar-8-mayo.jpeg\" alt=\"\" width=\"1080\" height=\"1080\" srcset=\"http:\/\/www.casariche.es\/wp-content\/uploads\/2025\/05\/cruz-mayo-hogar-8-mayo.jpeg 1080w, http:\/\/www.casariche.es\/wp-content\/uploads\/2025\/05\/cruz-mayo-hogar-8-mayo-300x300.jpeg 300w, http:\/\/www.casariche.es\/wp-content\/uploads\/2025\/05\/cruz-mayo-hogar-8-mayo-1024x1024.jpeg 1024w, http:\/\/www.casariche.es\/wp-content\/uploads\/2025\/05\/cruz-mayo-hogar-8-mayo-150x150.jpeg 150w, http:\/\/www.casariche.es\/wp-content\/uploads\/2025\/05\/cruz-mayo-hogar-8-mayo-768x768.jpeg 768w\" sizes=\"auto, (max-width: 1080px) 100vw, 1080px\" \/><\/p>\n","protected":false},"excerpt":{"rendered":"<p>Este jueves 8 de mayo, a partir de las 11:30h, el Centro de Participaci\u00f3n Activa de Personas Mayores de Casariche conmemora la tradicional festividad de<\/p>\n","protected":false},"author":2,"featured_media":73349,"comment_status":"closed","ping_status":"closed","sticky":false,"template":"","format":"standard","meta":{"footnotes":""},"categories":[7,1],"tags":[652,1133,27],"class_list":["post-73348","post","type-post","status-publish","format-standard","has-post-thumbnail","hentry","category-cultura","category-sin-categoria","tag-cruz","tag-mayo","tag-mayores"],"_links":{"self":[{"href":"http:\/\/www.casariche.es\/index.php?rest_route=\/wp\/v2\/posts\/73348","targetHints":{"allow":["GET"]}}],"collection":[{"href":"http:\/\/www.casariche.es\/index.php?rest_route=\/wp\/v2\/posts"}],"about":[{"href":"http:\/\/www.casariche.es\/index.php?rest_route=\/wp\/v2\/types\/post"}],"author":[{"embeddable":true,"href":"http:\/\/www.casariche.es\/index.php?rest_route=\/wp\/v2\/users\/2"}],"replies":[{"embeddable":true,"href":"http:\/\/www.casariche.es\/index.php?rest_route=%2Fwp%2Fv2%2Fcomments&post=73348"}],"version-history":[{"count":2,"href":"http:\/\/www.casariche.es\/index.php?rest_route=\/wp\/v2\/posts\/73348\/revisions"}],"predecessor-version":[{"id":73369,"href":"http:\/\/www.casariche.es\/index.php?rest_route=\/wp\/v2\/posts\/73348\/revisions\/73369"}],"wp:featuredmedia":[{"embeddable":true,"href":"http:\/\/www.casariche.es\/index.php?rest_route=\/wp\/v2\/media\/73349"}],"wp:attachment":[{"href":"http:\/\/www.casariche.es\/index.php?rest_route=%2Fwp%2Fv2%2Fmedia&parent=73348"}],"wp:term":[{"taxonomy":"category","embeddable":true,"href":"http:\/\/www.casariche.es\/index.php?rest_route=%2Fwp%2Fv2%2Fcategories&post=73348"},{"taxonomy":"post_tag","embeddable":true,"href":"http:\/\/www.casariche.es\/index.php?rest_route=%2Fwp%2Fv2%2Ftags&post=73348"}],"curies":[{"name":"wp","href":"https:\/\/api.w.org\/{rel}","templated":true}]}}