{"id":72579,"date":"2025-04-08T09:00:37","date_gmt":"2025-04-08T07:00:37","guid":{"rendered":"https:\/\/www.casariche.es\/?p=72579"},"modified":"2025-04-07T18:35:05","modified_gmt":"2025-04-07T16:35:05","slug":"la-guarderia-conmemora-la-semana-santa-infantil-el-miercoles-santo","status":"publish","type":"post","link":"http:\/\/www.casariche.es\/?p=72579","title":{"rendered":"La Guarder\u00eda conmemora la Semana Santa Infantil el Mi\u00e9rcoles Santo"},"content":{"rendered":"<header class=\"entry-header\">\n<div class=\"entry-meta\" style=\"text-align: justify;\">Como viene siendo habitual cada Mi\u00e9rcoles Santo, <strong>la Escuela Municipal Infantil (Guarder\u00eda) de Casariche celebra su Semana Santa Infantil el pr\u00f3ximo 16 de abril.<\/strong><\/div>\n<div style=\"text-align: justify;\"><\/div>\n<div class=\"entry-meta\" style=\"text-align: justify;\">Hoy tenemos el placer de dar a conocer <strong>el cartel de esta actividad, que ha sido realizado por Mart\u00edn Sojo \u00c1lvarez<\/strong> de 4\u00baA.<\/div>\n<div style=\"text-align: justify;\"><\/div>\n<div class=\"entry-meta\" style=\"text-align: justify;\">Dar\u00e1 comienzo a partir de las <strong>11:00 h y en ella podremos disfrutar de esta procesi\u00f3n tan especial y tan tierna,\u00a0<\/strong>que tiene como protagonistas a los alumnos y alumnas de nuestra guarder\u00eda y estar\u00e1 acompa\u00f1ada musicalmente por <strong>la Asociaci\u00f3n Cultural Musical \u2018Maestro Vitito\u2019\u00a0<\/strong>de nuestro municipio.<\/div>\n<\/header>\n<div class=\"entry-content clearfix\">\n<p style=\"text-align: justify;\">Esta actividad est\u00e1\u00a0<strong>organizada por la Escuela Municipal Infantil de nuestro municipio y cuenta con la colaboraci\u00f3n del Ayuntamiento de Casariche y del CEIP Lope de Vega.<\/strong><\/p>\n<p style=\"text-align: justify;\"><img loading=\"lazy\" decoding=\"async\" class=\"alignnone size-full wp-image-72580\" src=\"http:\/\/www.casariche.es\/wp-content\/uploads\/2025\/04\/semana-santa-chiquita.jpeg\" alt=\"\" width=\"1131\" height=\"1600\" srcset=\"http:\/\/www.casariche.es\/wp-content\/uploads\/2025\/04\/semana-santa-chiquita.jpeg 1131w, http:\/\/www.casariche.es\/wp-content\/uploads\/2025\/04\/semana-santa-chiquita-212x300.jpeg 212w, http:\/\/www.casariche.es\/wp-content\/uploads\/2025\/04\/semana-santa-chiquita-724x1024.jpeg 724w, http:\/\/www.casariche.es\/wp-content\/uploads\/2025\/04\/semana-santa-chiquita-768x1086.jpeg 768w, http:\/\/www.casariche.es\/wp-content\/uploads\/2025\/04\/semana-santa-chiquita-1086x1536.jpeg 1086w\" sizes=\"auto, (max-width: 1131px) 100vw, 1131px\" \/><\/p>\n<\/div>\n","protected":false},"excerpt":{"rendered":"<p>Como viene siendo habitual cada Mi\u00e9rcoles Santo, la Escuela Municipal Infantil (Guarder\u00eda) de Casariche celebra su Semana Santa Infantil el pr\u00f3ximo 16 de abril. Hoy<\/p>\n","protected":false},"author":2,"featured_media":72580,"comment_status":"closed","ping_status":"closed","sticky":false,"template":"","format":"standard","meta":{"footnotes":""},"categories":[1],"tags":[341,484],"class_list":["post-72579","post","type-post","status-publish","format-standard","has-post-thumbnail","hentry","category-sin-categoria","tag-guarderia","tag-semana-santa"],"_links":{"self":[{"href":"http:\/\/www.casariche.es\/index.php?rest_route=\/wp\/v2\/posts\/72579","targetHints":{"allow":["GET"]}}],"collection":[{"href":"http:\/\/www.casariche.es\/index.php?rest_route=\/wp\/v2\/posts"}],"about":[{"href":"http:\/\/www.casariche.es\/index.php?rest_route=\/wp\/v2\/types\/post"}],"author":[{"embeddable":true,"href":"http:\/\/www.casariche.es\/index.php?rest_route=\/wp\/v2\/users\/2"}],"replies":[{"embeddable":true,"href":"http:\/\/www.casariche.es\/index.php?rest_route=%2Fwp%2Fv2%2Fcomments&post=72579"}],"version-history":[{"count":2,"href":"http:\/\/www.casariche.es\/index.php?rest_route=\/wp\/v2\/posts\/72579\/revisions"}],"predecessor-version":[{"id":72620,"href":"http:\/\/www.casariche.es\/index.php?rest_route=\/wp\/v2\/posts\/72579\/revisions\/72620"}],"wp:featuredmedia":[{"embeddable":true,"href":"http:\/\/www.casariche.es\/index.php?rest_route=\/wp\/v2\/media\/72580"}],"wp:attachment":[{"href":"http:\/\/www.casariche.es\/index.php?rest_route=%2Fwp%2Fv2%2Fmedia&parent=72579"}],"wp:term":[{"taxonomy":"category","embeddable":true,"href":"http:\/\/www.casariche.es\/index.php?rest_route=%2Fwp%2Fv2%2Fcategories&post=72579"},{"taxonomy":"post_tag","embeddable":true,"href":"http:\/\/www.casariche.es\/index.php?rest_route=%2Fwp%2Fv2%2Ftags&post=72579"}],"curies":[{"name":"wp","href":"https:\/\/api.w.org\/{rel}","templated":true}]}}