{"id":7222,"date":"2014-06-13T11:50:23","date_gmt":"2014-06-13T09:20:23","guid":{"rendered":"http:\/\/www.casariche.es\/?p=7222"},"modified":"2014-06-13T15:00:09","modified_gmt":"2014-06-13T12:30:09","slug":"los-nins-de-educacion-infantil-5-anos-del-ceip-lope-de-vega-han-celebrado-su-acto-de-graduacion","status":"publish","type":"post","link":"http:\/\/www.casariche.es\/?p=7222","title":{"rendered":"Los ni\u00f1@s de Educaci\u00f3n Infantil 5 a\u00f1os del CEIP Lope de Vega han celebrado su acto de graduaci\u00f3n"},"content":{"rendered":"<p>El Teatro Municipal de Casariche ha sido escenario, de 10:00 a 11:00 de la ma\u00f1ana de hoy, del acto de graduaci\u00f3n del alumnado de 5 a\u00f1os de Educaci\u00f3n Infantil del CEIP Lope de Vega.<\/p>\n<p>Acompa\u00f1ados por todos sus compa\u00f1eros y profesores de Educaci\u00f3n Infantil y arropados por sus padres y familiares, los peque\u00f1os se han graduado como punto y final a su etapa de Educaci\u00f3n Infantil, ya que el pr\u00f3ximo curso comenzar\u00e1n 1\u00ba de Primaria.<\/p>\n<p>As\u00ed de guap@s estaban tod@s. Nuestra enhorabuena desde aqu\u00ed al centro, al alumnado y a sus padres y familiares.<\/p>\n<p><a href=\"http:\/\/www.casariche.es\/?attachment_id=7253\" rel=\"attachment wp-att-7253\"><img loading=\"lazy\" decoding=\"async\" class=\"aligncenter size-full wp-image-7253\" title=\"graduacion infantil\" src=\"http:\/\/www.casariche.es\/wp-content\/uploads\/2014\/06\/graduacion-infantil.jpg\" alt=\"\" width=\"480\" height=\"260\" srcset=\"http:\/\/www.casariche.es\/wp-content\/uploads\/2014\/06\/graduacion-infantil.jpg 480w, http:\/\/www.casariche.es\/wp-content\/uploads\/2014\/06\/graduacion-infantil-300x162.jpg 300w\" sizes=\"auto, (max-width: 480px) 100vw, 480px\" \/><\/a><\/p>\n<p><a href=\"http:\/\/www.casariche.es\/?attachment_id=7225\" rel=\"attachment wp-att-7225\"><img loading=\"lazy\" decoding=\"async\" class=\"aligncenter size-full wp-image-7225\" title=\"graduacion ni\u00f1os infantil\" src=\"http:\/\/www.casariche.es\/wp-content\/uploads\/2014\/06\/graduacion-ni\u00f1os-infantil1.jpg\" alt=\"\" width=\"480\" height=\"260\" srcset=\"http:\/\/www.casariche.es\/wp-content\/uploads\/2014\/06\/graduacion-ni\u00f1os-infantil1.jpg 480w, http:\/\/www.casariche.es\/wp-content\/uploads\/2014\/06\/graduacion-ni\u00f1os-infantil1-300x162.jpg 300w\" sizes=\"auto, (max-width: 480px) 100vw, 480px\" \/><\/a><\/p>\n<p><a href=\"http:\/\/www.casariche.es\/?attachment_id=7226\" rel=\"attachment wp-att-7226\"><img loading=\"lazy\" decoding=\"async\" class=\"aligncenter size-full wp-image-7226\" title=\"graduacion ni\u00f1os infantil 2\" src=\"http:\/\/www.casariche.es\/wp-content\/uploads\/2014\/06\/graduacion-ni\u00f1os-infantil-2.jpg\" alt=\"\" width=\"480\" height=\"260\" srcset=\"http:\/\/www.casariche.es\/wp-content\/uploads\/2014\/06\/graduacion-ni\u00f1os-infantil-2.jpg 480w, http:\/\/www.casariche.es\/wp-content\/uploads\/2014\/06\/graduacion-ni\u00f1os-infantil-2-300x162.jpg 300w\" sizes=\"auto, (max-width: 480px) 100vw, 480px\" \/><\/a><\/p>\n","protected":false},"excerpt":{"rendered":"<p>El Teatro Municipal de Casariche ha sido escenario, de 10:00 a 11:00 de la ma\u00f1ana de hoy, del acto de graduaci\u00f3n del alumnado de 5<\/p>\n","protected":false},"author":2,"featured_media":7224,"comment_status":"closed","ping_status":"open","sticky":false,"template":"","format":"standard","meta":{"footnotes":""},"categories":[9,1],"tags":[],"class_list":["post-7222","post","type-post","status-publish","format-standard","has-post-thumbnail","hentry","category-educacion","category-sin-categoria"],"_links":{"self":[{"href":"http:\/\/www.casariche.es\/index.php?rest_route=\/wp\/v2\/posts\/7222","targetHints":{"allow":["GET"]}}],"collection":[{"href":"http:\/\/www.casariche.es\/index.php?rest_route=\/wp\/v2\/posts"}],"about":[{"href":"http:\/\/www.casariche.es\/index.php?rest_route=\/wp\/v2\/types\/post"}],"author":[{"embeddable":true,"href":"http:\/\/www.casariche.es\/index.php?rest_route=\/wp\/v2\/users\/2"}],"replies":[{"embeddable":true,"href":"http:\/\/www.casariche.es\/index.php?rest_route=%2Fwp%2Fv2%2Fcomments&post=7222"}],"version-history":[{"count":3,"href":"http:\/\/www.casariche.es\/index.php?rest_route=\/wp\/v2\/posts\/7222\/revisions"}],"predecessor-version":[{"id":7254,"href":"http:\/\/www.casariche.es\/index.php?rest_route=\/wp\/v2\/posts\/7222\/revisions\/7254"}],"wp:featuredmedia":[{"embeddable":true,"href":"http:\/\/www.casariche.es\/index.php?rest_route=\/wp\/v2\/media\/7224"}],"wp:attachment":[{"href":"http:\/\/www.casariche.es\/index.php?rest_route=%2Fwp%2Fv2%2Fmedia&parent=7222"}],"wp:term":[{"taxonomy":"category","embeddable":true,"href":"http:\/\/www.casariche.es\/index.php?rest_route=%2Fwp%2Fv2%2Fcategories&post=7222"},{"taxonomy":"post_tag","embeddable":true,"href":"http:\/\/www.casariche.es\/index.php?rest_route=%2Fwp%2Fv2%2Ftags&post=7222"}],"curies":[{"name":"wp","href":"https:\/\/api.w.org\/{rel}","templated":true}]}}