{"id":72163,"date":"2025-03-26T12:00:39","date_gmt":"2025-03-26T11:00:39","guid":{"rendered":"https:\/\/www.casariche.es\/?p=72163"},"modified":"2025-03-26T09:25:40","modified_gmt":"2025-03-26T08:25:40","slug":"maestro-vitito-impregno-nuestro-teatro-de-ambiente-cofrade-durante-su-concierto-de-marchas-procesionales","status":"publish","type":"post","link":"http:\/\/www.casariche.es\/?p=72163","title":{"rendered":"Maestro Vitito impregn\u00f3 nuestro Teatro de ambiente cofrade durante su concierto de Marchas Procesionales"},"content":{"rendered":"<p style=\"text-align: justify;\"><strong>El domingo 23 de marzo se celebr\u00f3 en el Teatro\u00a0 Municipal de Casariche el tradicional Concierto de Marchas Procesionales previo a Semana Santa de la<\/strong> <strong>Asociaci\u00f3n Cultural Musical Maestro Vitito.<\/strong><\/p>\n<p style=\"text-align: justify;\">Dicho concierto ofreci\u00f3 un <strong>selecto repertorio de marcha<\/strong>s, muy ovacionadas por el numeros\u00edsimo p\u00fablico asistente, que impregn\u00f3 el ambiente de sentimiento cofrade, <strong>haci\u00e9ndonos vivir una gran ma\u00f1ana de Cuaresma<\/strong>.<\/p>\n<p><img loading=\"lazy\" decoding=\"async\" class=\"alignnone size-full wp-image-72174\" src=\"http:\/\/www.casariche.es\/wp-content\/uploads\/2025\/03\/marchas-procesionales.jpeg\" alt=\"\" width=\"2000\" height=\"934\" srcset=\"http:\/\/www.casariche.es\/wp-content\/uploads\/2025\/03\/marchas-procesionales.jpeg 2000w, http:\/\/www.casariche.es\/wp-content\/uploads\/2025\/03\/marchas-procesionales-300x140.jpeg 300w, http:\/\/www.casariche.es\/wp-content\/uploads\/2025\/03\/marchas-procesionales-1024x478.jpeg 1024w, http:\/\/www.casariche.es\/wp-content\/uploads\/2025\/03\/marchas-procesionales-768x359.jpeg 768w, http:\/\/www.casariche.es\/wp-content\/uploads\/2025\/03\/marchas-procesionales-1536x717.jpeg 1536w\" sizes=\"auto, (max-width: 2000px) 100vw, 2000px\" \/><\/p>\n<p><img loading=\"lazy\" decoding=\"async\" class=\"alignnone size-full wp-image-72176\" src=\"http:\/\/www.casariche.es\/wp-content\/uploads\/2025\/03\/Captura-de-pantalla-2025-03-25-092245.jpg\" alt=\"\" width=\"1022\" height=\"626\" srcset=\"http:\/\/www.casariche.es\/wp-content\/uploads\/2025\/03\/Captura-de-pantalla-2025-03-25-092245.jpg 1022w, http:\/\/www.casariche.es\/wp-content\/uploads\/2025\/03\/Captura-de-pantalla-2025-03-25-092245-300x184.jpg 300w, http:\/\/www.casariche.es\/wp-content\/uploads\/2025\/03\/Captura-de-pantalla-2025-03-25-092245-768x470.jpg 768w\" sizes=\"auto, (max-width: 1022px) 100vw, 1022px\" \/><\/p>\n<p><img loading=\"lazy\" decoding=\"async\" class=\"alignnone size-full wp-image-72175\" src=\"http:\/\/www.casariche.es\/wp-content\/uploads\/2025\/03\/marchas-procesionales2.jpeg\" alt=\"\" width=\"2000\" height=\"900\" srcset=\"http:\/\/www.casariche.es\/wp-content\/uploads\/2025\/03\/marchas-procesionales2.jpeg 2000w, http:\/\/www.casariche.es\/wp-content\/uploads\/2025\/03\/marchas-procesionales2-300x135.jpeg 300w, http:\/\/www.casariche.es\/wp-content\/uploads\/2025\/03\/marchas-procesionales2-1024x461.jpeg 1024w, http:\/\/www.casariche.es\/wp-content\/uploads\/2025\/03\/marchas-procesionales2-768x346.jpeg 768w, http:\/\/www.casariche.es\/wp-content\/uploads\/2025\/03\/marchas-procesionales2-1536x691.jpeg 1536w\" sizes=\"auto, (max-width: 2000px) 100vw, 2000px\" \/><\/p>\n","protected":false},"excerpt":{"rendered":"<p>El domingo 23 de marzo se celebr\u00f3 en el Teatro\u00a0 Municipal de Casariche el tradicional Concierto de Marchas Procesionales previo a Semana Santa de la<\/p>\n","protected":false},"author":2,"featured_media":72175,"comment_status":"closed","ping_status":"closed","sticky":false,"template":"","format":"standard","meta":{"footnotes":""},"categories":[7,1],"tags":[1360,1361],"class_list":["post-72163","post","type-post","status-publish","format-standard","has-post-thumbnail","hentry","category-cultura","category-sin-categoria","tag-marchas","tag-procesionales"],"_links":{"self":[{"href":"http:\/\/www.casariche.es\/index.php?rest_route=\/wp\/v2\/posts\/72163","targetHints":{"allow":["GET"]}}],"collection":[{"href":"http:\/\/www.casariche.es\/index.php?rest_route=\/wp\/v2\/posts"}],"about":[{"href":"http:\/\/www.casariche.es\/index.php?rest_route=\/wp\/v2\/types\/post"}],"author":[{"embeddable":true,"href":"http:\/\/www.casariche.es\/index.php?rest_route=\/wp\/v2\/users\/2"}],"replies":[{"embeddable":true,"href":"http:\/\/www.casariche.es\/index.php?rest_route=%2Fwp%2Fv2%2Fcomments&post=72163"}],"version-history":[{"count":2,"href":"http:\/\/www.casariche.es\/index.php?rest_route=\/wp\/v2\/posts\/72163\/revisions"}],"predecessor-version":[{"id":72177,"href":"http:\/\/www.casariche.es\/index.php?rest_route=\/wp\/v2\/posts\/72163\/revisions\/72177"}],"wp:featuredmedia":[{"embeddable":true,"href":"http:\/\/www.casariche.es\/index.php?rest_route=\/wp\/v2\/media\/72175"}],"wp:attachment":[{"href":"http:\/\/www.casariche.es\/index.php?rest_route=%2Fwp%2Fv2%2Fmedia&parent=72163"}],"wp:term":[{"taxonomy":"category","embeddable":true,"href":"http:\/\/www.casariche.es\/index.php?rest_route=%2Fwp%2Fv2%2Fcategories&post=72163"},{"taxonomy":"post_tag","embeddable":true,"href":"http:\/\/www.casariche.es\/index.php?rest_route=%2Fwp%2Fv2%2Ftags&post=72163"}],"curies":[{"name":"wp","href":"https:\/\/api.w.org\/{rel}","templated":true}]}}