{"id":71748,"date":"2025-03-11T10:33:14","date_gmt":"2025-03-11T09:33:14","guid":{"rendered":"https:\/\/www.casariche.es\/?p=71748"},"modified":"2025-03-11T10:39:05","modified_gmt":"2025-03-11T09:39:05","slug":"aaron-cadiz-cosano-pregonara-la-semana-santa-de-casariche-2025","status":"publish","type":"post","link":"http:\/\/www.casariche.es\/?p=71748","title":{"rendered":"Aar\u00f3n C\u00e1diz Cosano pregonar\u00e1 la Semana Santa de Casariche 2025"},"content":{"rendered":"<p style=\"text-align: justify;\">A un mes del comienzo de nuestra Semana Santa, en el d\u00eda de hoy <strong>tenemos el placer de anunciaros el nombre de nuestro Pregonero de este 2025.<\/strong><\/p>\n<p style=\"text-align: justify;\"><strong>Nuestro Pregonero ser\u00e1 Aar\u00f3n C\u00e1diz Cosano y este solemne acto anunciador de nuestra Semana Santa se celebrar\u00e1 el 6 de abril, a partir de las doce del mediod\u00eda en el Teatro Municipal<\/strong>.<\/p>\n<p style=\"text-align: justify;\">El acto ser\u00e1 <strong>conducido por Mar\u00eda Carmen Carrascosa Parrado y la presentaci\u00f3n del Pregonero correr\u00e1 a cargo de Manuel Jes\u00fas Cosano Pozo. Adem\u00e1s, se contar\u00e1 con las intervenciones de la Asociaci\u00f3n Cultural Musical \u2018Maestro Vitito\u2019 de Casariche y de Sa\u00fal Burgos Quero, al cante<\/strong>.<\/p>\n<p style=\"text-align: justify;\">Esta actividad est\u00e1 organizada por el Excmo. Ayuntamiento de Casariche y colaboran las Hermandades y Asociaci\u00f3n Cofrade de Casariche, la Parroquia de Ntra. Sra. De la Encarnaci\u00f3n y la Asociaci\u00f3n Cultural Musical \u2018Maestro Vitito\u2019 de nuestra localidad.<\/p>\n<p style=\"text-align: justify;\">\u00a1Os esperamos!<\/p>\n<p><img loading=\"lazy\" decoding=\"async\" class=\"alignnone size-full wp-image-71749\" src=\"http:\/\/www.casariche.es\/wp-content\/uploads\/2025\/03\/Cartel-Pregon-25.-definitivo-scaled.jpg\" alt=\"\" width=\"1811\" height=\"2560\" srcset=\"http:\/\/www.casariche.es\/wp-content\/uploads\/2025\/03\/Cartel-Pregon-25.-definitivo-scaled.jpg 1811w, http:\/\/www.casariche.es\/wp-content\/uploads\/2025\/03\/Cartel-Pregon-25.-definitivo-212x300.jpg 212w, http:\/\/www.casariche.es\/wp-content\/uploads\/2025\/03\/Cartel-Pregon-25.-definitivo-724x1024.jpg 724w, http:\/\/www.casariche.es\/wp-content\/uploads\/2025\/03\/Cartel-Pregon-25.-definitivo-768x1086.jpg 768w, http:\/\/www.casariche.es\/wp-content\/uploads\/2025\/03\/Cartel-Pregon-25.-definitivo-1086x1536.jpg 1086w, http:\/\/www.casariche.es\/wp-content\/uploads\/2025\/03\/Cartel-Pregon-25.-definitivo-1448x2048.jpg 1448w\" sizes=\"auto, (max-width: 1811px) 100vw, 1811px\" \/><\/p>\n","protected":false},"excerpt":{"rendered":"<p>A un mes del comienzo de nuestra Semana Santa, en el d\u00eda de hoy tenemos el placer de anunciaros el nombre de nuestro Pregonero de<\/p>\n","protected":false},"author":2,"featured_media":71749,"comment_status":"closed","ping_status":"closed","sticky":false,"template":"","format":"standard","meta":{"footnotes":""},"categories":[7,1],"tags":[],"class_list":["post-71748","post","type-post","status-publish","format-standard","has-post-thumbnail","hentry","category-cultura","category-sin-categoria"],"_links":{"self":[{"href":"http:\/\/www.casariche.es\/index.php?rest_route=\/wp\/v2\/posts\/71748","targetHints":{"allow":["GET"]}}],"collection":[{"href":"http:\/\/www.casariche.es\/index.php?rest_route=\/wp\/v2\/posts"}],"about":[{"href":"http:\/\/www.casariche.es\/index.php?rest_route=\/wp\/v2\/types\/post"}],"author":[{"embeddable":true,"href":"http:\/\/www.casariche.es\/index.php?rest_route=\/wp\/v2\/users\/2"}],"replies":[{"embeddable":true,"href":"http:\/\/www.casariche.es\/index.php?rest_route=%2Fwp%2Fv2%2Fcomments&post=71748"}],"version-history":[{"count":1,"href":"http:\/\/www.casariche.es\/index.php?rest_route=\/wp\/v2\/posts\/71748\/revisions"}],"predecessor-version":[{"id":71750,"href":"http:\/\/www.casariche.es\/index.php?rest_route=\/wp\/v2\/posts\/71748\/revisions\/71750"}],"wp:featuredmedia":[{"embeddable":true,"href":"http:\/\/www.casariche.es\/index.php?rest_route=\/wp\/v2\/media\/71749"}],"wp:attachment":[{"href":"http:\/\/www.casariche.es\/index.php?rest_route=%2Fwp%2Fv2%2Fmedia&parent=71748"}],"wp:term":[{"taxonomy":"category","embeddable":true,"href":"http:\/\/www.casariche.es\/index.php?rest_route=%2Fwp%2Fv2%2Fcategories&post=71748"},{"taxonomy":"post_tag","embeddable":true,"href":"http:\/\/www.casariche.es\/index.php?rest_route=%2Fwp%2Fv2%2Ftags&post=71748"}],"curies":[{"name":"wp","href":"https:\/\/api.w.org\/{rel}","templated":true}]}}