{"id":71411,"date":"2025-03-04T13:30:08","date_gmt":"2025-03-04T12:30:08","guid":{"rendered":"https:\/\/www.casariche.es\/?p=71411"},"modified":"2025-03-04T12:29:17","modified_gmt":"2025-03-04T11:29:17","slug":"sumate-este-sabado-8-de-marzo-al-acto-conmemorativo-del-dia-internacional-de-la-mujer-2025","status":"publish","type":"post","link":"http:\/\/www.casariche.es\/?p=71411","title":{"rendered":"S\u00famate este s\u00e1bado 8 de marzo al acto conmemorativo del D\u00eda Internacional de la Mujer 2025"},"content":{"rendered":"<p style=\"text-align: justify;\">Este\u00a0<strong>s\u00e1bado 8 de marzo, a partir de las 19:00h, se celebra en el Teatro Municipal de Casariche el acto central del D\u00eda de la Mujer<\/strong>\u00a0de este a\u00f1o.<\/p>\n<p style=\"text-align: justify;\"><strong>Se iniciar\u00e1 con una merienda de convivencia, que dar\u00e1 paso despu\u00e9s, a las 19:45h, a la <\/strong><strong>lectura a los manifiestos conmemorativos de este d\u00eda y concluir\u00e1 con la obra de teatro &#8216;Yo soy gente rara\u2019<\/strong>, una producci\u00f3n de la Compa\u00f1\u00eda Ekl\u00e9ctica, que aborda el drama cotidiano de la gente normal.<\/p>\n<p style=\"text-align: justify;\">Estas actividades se enmarcan en la <strong>Campa\u00f1a Institucional del D\u00eda de la Mujer Casariche 2025<\/strong>, organizada por las <strong>Delegaciones de Igualdad y Cultura de nuestro Ayuntamiento<\/strong>, cuenta con la colaboraci\u00f3n de la Asociaci\u00f3n de Mujeres \u2018Sirena\u2019 de nuestra localidad y financia la Diputaci\u00f3n Provincial de Sevilla.<\/p>\n<p style=\"text-align: justify;\">\u00a1Os esperamos!<\/p>\n<p><img loading=\"lazy\" decoding=\"async\" class=\"alignnone size-full wp-image-71424\" src=\"http:\/\/www.casariche.es\/wp-content\/uploads\/2025\/03\/CARTEL-ACTO-8M-2025-PDF-1-scaled.jpg\" alt=\"\" width=\"1810\" height=\"2560\" srcset=\"http:\/\/www.casariche.es\/wp-content\/uploads\/2025\/03\/CARTEL-ACTO-8M-2025-PDF-1-scaled.jpg 1810w, http:\/\/www.casariche.es\/wp-content\/uploads\/2025\/03\/CARTEL-ACTO-8M-2025-PDF-1-212x300.jpg 212w, http:\/\/www.casariche.es\/wp-content\/uploads\/2025\/03\/CARTEL-ACTO-8M-2025-PDF-1-724x1024.jpg 724w, http:\/\/www.casariche.es\/wp-content\/uploads\/2025\/03\/CARTEL-ACTO-8M-2025-PDF-1-768x1086.jpg 768w, http:\/\/www.casariche.es\/wp-content\/uploads\/2025\/03\/CARTEL-ACTO-8M-2025-PDF-1-1086x1536.jpg 1086w, http:\/\/www.casariche.es\/wp-content\/uploads\/2025\/03\/CARTEL-ACTO-8M-2025-PDF-1-1448x2048.jpg 1448w\" sizes=\"auto, (max-width: 1810px) 100vw, 1810px\" \/><\/p>\n<p><img loading=\"lazy\" decoding=\"async\" class=\"alignnone size-full wp-image-71398\" src=\"http:\/\/www.casariche.es\/wp-content\/uploads\/2025\/03\/teatro-culturando.jpeg\" alt=\"\" width=\"1131\" height=\"1600\" srcset=\"http:\/\/www.casariche.es\/wp-content\/uploads\/2025\/03\/teatro-culturando.jpeg 1131w, http:\/\/www.casariche.es\/wp-content\/uploads\/2025\/03\/teatro-culturando-212x300.jpeg 212w, http:\/\/www.casariche.es\/wp-content\/uploads\/2025\/03\/teatro-culturando-724x1024.jpeg 724w, http:\/\/www.casariche.es\/wp-content\/uploads\/2025\/03\/teatro-culturando-768x1086.jpeg 768w, http:\/\/www.casariche.es\/wp-content\/uploads\/2025\/03\/teatro-culturando-1086x1536.jpeg 1086w\" sizes=\"auto, (max-width: 1131px) 100vw, 1131px\" \/><\/p>\n","protected":false},"excerpt":{"rendered":"<p>Este\u00a0s\u00e1bado 8 de marzo, a partir de las 19:00h, se celebra en el Teatro Municipal de Casariche el acto central del D\u00eda de la Mujer\u00a0de<\/p>\n","protected":false},"author":2,"featured_media":71424,"comment_status":"closed","ping_status":"closed","sticky":false,"template":"","format":"standard","meta":{"footnotes":""},"categories":[7,1,6],"tags":[3630,475,2367],"class_list":["post-71411","post","type-post","status-publish","format-standard","has-post-thumbnail","hentry","category-cultura","category-sin-categoria","category-bienestar-social","tag-8m","tag-acto","tag-conmemorativo"],"_links":{"self":[{"href":"http:\/\/www.casariche.es\/index.php?rest_route=\/wp\/v2\/posts\/71411","targetHints":{"allow":["GET"]}}],"collection":[{"href":"http:\/\/www.casariche.es\/index.php?rest_route=\/wp\/v2\/posts"}],"about":[{"href":"http:\/\/www.casariche.es\/index.php?rest_route=\/wp\/v2\/types\/post"}],"author":[{"embeddable":true,"href":"http:\/\/www.casariche.es\/index.php?rest_route=\/wp\/v2\/users\/2"}],"replies":[{"embeddable":true,"href":"http:\/\/www.casariche.es\/index.php?rest_route=%2Fwp%2Fv2%2Fcomments&post=71411"}],"version-history":[{"count":4,"href":"http:\/\/www.casariche.es\/index.php?rest_route=\/wp\/v2\/posts\/71411\/revisions"}],"predecessor-version":[{"id":71427,"href":"http:\/\/www.casariche.es\/index.php?rest_route=\/wp\/v2\/posts\/71411\/revisions\/71427"}],"wp:featuredmedia":[{"embeddable":true,"href":"http:\/\/www.casariche.es\/index.php?rest_route=\/wp\/v2\/media\/71424"}],"wp:attachment":[{"href":"http:\/\/www.casariche.es\/index.php?rest_route=%2Fwp%2Fv2%2Fmedia&parent=71411"}],"wp:term":[{"taxonomy":"category","embeddable":true,"href":"http:\/\/www.casariche.es\/index.php?rest_route=%2Fwp%2Fv2%2Fcategories&post=71411"},{"taxonomy":"post_tag","embeddable":true,"href":"http:\/\/www.casariche.es\/index.php?rest_route=%2Fwp%2Fv2%2Ftags&post=71411"}],"curies":[{"name":"wp","href":"https:\/\/api.w.org\/{rel}","templated":true}]}}