{"id":70890,"date":"2025-02-17T09:00:21","date_gmt":"2025-02-17T08:00:21","guid":{"rendered":"https:\/\/www.casariche.es\/?p=70890"},"modified":"2025-02-17T12:36:16","modified_gmt":"2025-02-17T11:36:16","slug":"celebra-con-nosotros-el-dia-de-andalucia-en-el-cerro-bellido","status":"publish","type":"post","link":"http:\/\/www.casariche.es\/?p=70890","title":{"rendered":"Celebra con nosotros el D\u00eda de Andaluc\u00eda en el Cerro Bellido"},"content":{"rendered":"<p style=\"text-align: justify;\">El viernes <strong>28 de febrero celebramos el D\u00eda de Andaluc\u00eda y tambi\u00e9n este a\u00f1o tenemos preparada una jornada conmemorativa en el Cerro Bellido<\/strong>.<\/p>\n<p style=\"text-align: justify;\">Por ello,\u00a0<strong>a partir de las 12 del mediod\u00eda, os esperamos en este emblem\u00e1tico paraje natural para disfrutar todos juntos de una jornada festiva, que estar\u00e1 acompa\u00f1ada de m\u00fasica en directo del artista sevillano Luis Romero.<\/strong><\/p>\n<p style=\"text-align: justify;\">A lo largo de este d\u00eda,\u00a0<strong>habr\u00e1 servicio de barra a cargo del CD Ventippo y paella<\/strong>\u00a0para todos los asistentes a beneficio de dicho club deportivo.<\/p>\n<p style=\"text-align: justify;\">Por ello, <strong>aquellas personas que as\u00ed lo deseen, podr\u00e1n adquirir su ticket para el plato de paella de forma anticipada en la Oficina de Informaci\u00f3n del Ayuntamiento desde hoy lunes 17 y hasta el pr\u00f3ximo jueves 27 de febrero a un precio de 3\u20ac.\u00a0<\/strong><\/p>\n<p style=\"text-align: justify;\">El mejor D\u00eda de Andaluc\u00eda est\u00e1 en nuestro <strong>Cerro Bellido. \u00a1Os esperamos!<\/strong><\/p>\n<p><img loading=\"lazy\" decoding=\"async\" class=\"alignnone size-full wp-image-70893\" src=\"http:\/\/www.casariche.es\/wp-content\/uploads\/2025\/02\/dia-andalucia-2024.jpeg\" alt=\"\" width=\"1131\" height=\"1600\" srcset=\"http:\/\/www.casariche.es\/wp-content\/uploads\/2025\/02\/dia-andalucia-2024.jpeg 1131w, http:\/\/www.casariche.es\/wp-content\/uploads\/2025\/02\/dia-andalucia-2024-212x300.jpeg 212w, http:\/\/www.casariche.es\/wp-content\/uploads\/2025\/02\/dia-andalucia-2024-724x1024.jpeg 724w, http:\/\/www.casariche.es\/wp-content\/uploads\/2025\/02\/dia-andalucia-2024-768x1086.jpeg 768w, http:\/\/www.casariche.es\/wp-content\/uploads\/2025\/02\/dia-andalucia-2024-1086x1536.jpeg 1086w\" sizes=\"auto, (max-width: 1131px) 100vw, 1131px\" \/><\/p>\n","protected":false},"excerpt":{"rendered":"<p>El viernes 28 de febrero celebramos el D\u00eda de Andaluc\u00eda y tambi\u00e9n este a\u00f1o tenemos preparada una jornada conmemorativa en el Cerro Bellido. Por ello,\u00a0a<\/p>\n","protected":false},"author":2,"featured_media":70896,"comment_status":"closed","ping_status":"closed","sticky":false,"template":"","format":"standard","meta":{"footnotes":""},"categories":[7,1],"tags":[413,269],"class_list":["post-70890","post","type-post","status-publish","format-standard","has-post-thumbnail","hentry","category-cultura","category-sin-categoria","tag-andalucia","tag-dia"],"_links":{"self":[{"href":"http:\/\/www.casariche.es\/index.php?rest_route=\/wp\/v2\/posts\/70890","targetHints":{"allow":["GET"]}}],"collection":[{"href":"http:\/\/www.casariche.es\/index.php?rest_route=\/wp\/v2\/posts"}],"about":[{"href":"http:\/\/www.casariche.es\/index.php?rest_route=\/wp\/v2\/types\/post"}],"author":[{"embeddable":true,"href":"http:\/\/www.casariche.es\/index.php?rest_route=\/wp\/v2\/users\/2"}],"replies":[{"embeddable":true,"href":"http:\/\/www.casariche.es\/index.php?rest_route=%2Fwp%2Fv2%2Fcomments&post=70890"}],"version-history":[{"count":5,"href":"http:\/\/www.casariche.es\/index.php?rest_route=\/wp\/v2\/posts\/70890\/revisions"}],"predecessor-version":[{"id":70903,"href":"http:\/\/www.casariche.es\/index.php?rest_route=\/wp\/v2\/posts\/70890\/revisions\/70903"}],"wp:featuredmedia":[{"embeddable":true,"href":"http:\/\/www.casariche.es\/index.php?rest_route=\/wp\/v2\/media\/70896"}],"wp:attachment":[{"href":"http:\/\/www.casariche.es\/index.php?rest_route=%2Fwp%2Fv2%2Fmedia&parent=70890"}],"wp:term":[{"taxonomy":"category","embeddable":true,"href":"http:\/\/www.casariche.es\/index.php?rest_route=%2Fwp%2Fv2%2Fcategories&post=70890"},{"taxonomy":"post_tag","embeddable":true,"href":"http:\/\/www.casariche.es\/index.php?rest_route=%2Fwp%2Fv2%2Ftags&post=70890"}],"curies":[{"name":"wp","href":"https:\/\/api.w.org\/{rel}","templated":true}]}}