{"id":6929,"date":"2014-05-23T07:59:10","date_gmt":"2014-05-23T05:29:10","guid":{"rendered":"http:\/\/www.casariche.es\/?p=6929"},"modified":"2014-05-26T12:24:10","modified_gmt":"2014-05-26T09:54:10","slug":"celebrada-una-jornada-informativa-sobre-emplejoven","status":"publish","type":"post","link":"http:\/\/www.casariche.es\/?p=6929","title":{"rendered":"Celebrada una Jornada Informativa sobre Emple@Joven"},"content":{"rendered":"<div>El Teatro Municipal acogi\u00f3 el 21 de Mayo, a partir de las ocho de la tarde, una Jornada Informativa sobre el programa Emple@Joven conducida por el Alcalde de Casariche, Basilio Carri\u00f3n, y la Concejala de Formaci\u00f3n y Empleo, Loli Ballesteros, que estuvieron acompa\u00f1ados por las T\u00e9cnicos de Desarrollo Local, Aroa Carnerero, y de la UNEM, Raquel Escalera.<\/div>\n<div><\/div>\n<div>Durante la misma, se inform\u00f3 sobre este programa, orientado a la activaci\u00f3n del empleo joven, as\u00ed como se explicaron las 5 iniciativas de actuaci\u00f3n que contempla:<\/div>\n<div><\/div>\n<div>\n<div>&#8211; Activa Empleo Joven<\/div>\n<div>&#8211; Cooperaci\u00f3n \u00a0Social y Comunitaria para el Impulso del Empleo Joven<\/div>\n<div>&#8211; Pr\u00e1cticas profesionales en Empresas<\/div>\n<div>&#8211; Bono de empleo Joven<\/div>\n<div>&#8211; Becas para el desarrollo de proyectos I+D+i<\/div>\n<div><\/div>\n<div>Asimismo, se solventaron todas las dudas planteadas por los j\u00f3venes asistentes.<\/div>\n<\/div>\n<div>\n<p>Cabe destacar que para participar en este programa hay que te<span style=\"font-size: 13px;\">ner entre 18 y 29 a\u00f1os (ambos incluidos) y es<\/span><span style=\"font-size: 13px;\">tar empadronados en la Comunidad Aut\u00f3noma de Andaluc\u00eda.<\/span><\/p>\n<\/div>\n<p><a href=\"http:\/\/www.casariche.es\/?attachment_id=6931\" rel=\"attachment wp-att-6931\"><img loading=\"lazy\" decoding=\"async\" class=\"aligncenter size-full wp-image-6931\" title=\"MESA REUNION\" src=\"http:\/\/www.casariche.es\/wp-content\/uploads\/2014\/05\/MESA-REUNION1.jpg\" alt=\"\" width=\"480\" height=\"260\" srcset=\"http:\/\/www.casariche.es\/wp-content\/uploads\/2014\/05\/MESA-REUNION1.jpg 480w, http:\/\/www.casariche.es\/wp-content\/uploads\/2014\/05\/MESA-REUNION1-300x162.jpg 300w\" sizes=\"auto, (max-width: 480px) 100vw, 480px\" \/><\/a><\/p>\n","protected":false},"excerpt":{"rendered":"<p>El Teatro Municipal acogi\u00f3 el 21 de Mayo, a partir de las ocho de la tarde, una Jornada Informativa sobre el programa Emple@Joven conducida por<\/p>\n","protected":false},"author":2,"featured_media":6930,"comment_status":"closed","ping_status":"open","sticky":false,"template":"","format":"standard","meta":{"footnotes":""},"categories":[9,1,22],"tags":[929,393,163],"class_list":["post-6929","post","type-post","status-publish","format-standard","has-post-thumbnail","hentry","category-educacion","category-sin-categoria","category-juventud","tag-emplejoven","tag-informativa","tag-jornada"],"_links":{"self":[{"href":"http:\/\/www.casariche.es\/index.php?rest_route=\/wp\/v2\/posts\/6929","targetHints":{"allow":["GET"]}}],"collection":[{"href":"http:\/\/www.casariche.es\/index.php?rest_route=\/wp\/v2\/posts"}],"about":[{"href":"http:\/\/www.casariche.es\/index.php?rest_route=\/wp\/v2\/types\/post"}],"author":[{"embeddable":true,"href":"http:\/\/www.casariche.es\/index.php?rest_route=\/wp\/v2\/users\/2"}],"replies":[{"embeddable":true,"href":"http:\/\/www.casariche.es\/index.php?rest_route=%2Fwp%2Fv2%2Fcomments&post=6929"}],"version-history":[{"count":7,"href":"http:\/\/www.casariche.es\/index.php?rest_route=\/wp\/v2\/posts\/6929\/revisions"}],"predecessor-version":[{"id":6978,"href":"http:\/\/www.casariche.es\/index.php?rest_route=\/wp\/v2\/posts\/6929\/revisions\/6978"}],"wp:featuredmedia":[{"embeddable":true,"href":"http:\/\/www.casariche.es\/index.php?rest_route=\/wp\/v2\/media\/6930"}],"wp:attachment":[{"href":"http:\/\/www.casariche.es\/index.php?rest_route=%2Fwp%2Fv2%2Fmedia&parent=6929"}],"wp:term":[{"taxonomy":"category","embeddable":true,"href":"http:\/\/www.casariche.es\/index.php?rest_route=%2Fwp%2Fv2%2Fcategories&post=6929"},{"taxonomy":"post_tag","embeddable":true,"href":"http:\/\/www.casariche.es\/index.php?rest_route=%2Fwp%2Fv2%2Ftags&post=6929"}],"curies":[{"name":"wp","href":"https:\/\/api.w.org\/{rel}","templated":true}]}}