{"id":68744,"date":"2024-11-25T12:00:56","date_gmt":"2024-11-25T11:00:56","guid":{"rendered":"https:\/\/www.casariche.es\/?p=68744"},"modified":"2024-11-25T09:33:55","modified_gmt":"2024-11-25T08:33:55","slug":"casariche-se-adhiere-a-la-campana-del-dia-contra-la-violencia-hacia-las-mujeres-puesta-en-marcha-por-la-diputacion-de-sevilla-2","status":"publish","type":"post","link":"http:\/\/www.casariche.es\/?p=68744","title":{"rendered":"Casariche se adhiere a la Campa\u00f1a del D\u00eda contra la Violencia hacia las Mujeres puesta en marcha por la Diputaci\u00f3n de Sevilla"},"content":{"rendered":"<p style=\"text-align: justify;\"><strong>Hoy 25 de noviembre de 2024 nuestro municipio se suma a dar visibilidad a la Campa\u00f1a contra la Violencia de G\u00e9nero consensuada por la Diputaci\u00f3n de Sevilla y el resto de diputaciones andaluzas<\/strong>, con el fin de renovar nuestro compromiso de contribuir en la eliminaci\u00f3n de las violencias machistas e impulsando actuaciones que promuevan la conciencia p\u00fablica.<\/p>\n<p style=\"text-align: justify;\">Este a\u00f1o, alzamos nuevamente la voz contra cualquier forma de agresi\u00f3n hacia las mujeres, con especial \u00e9nfasis en la creciente problem\u00e1tica de la violencia digital.<\/p>\n<p style=\"text-align: justify;\">El mundo ha cambiado, y con \u00e9l, nuestros espacios de convivencia. Hoy, nuestra vida se desarrolla en un nuevo lugar:\u00a0<strong>el espacio digital<\/strong>. Ya no se trata solo de las plazas, las calles o nuestras casas, sino de las redes sociales, las aplicaciones y las plataformas de comunicaci\u00f3n. Pasamos casi 7 horas al d\u00eda en l\u00ednea, casi la mitad del tiempo que estamos despiertas, navegando por WhatsApp, Instagram, Facebook, X, Telegram, o explorando el mundo de las series y los videojuegos. Este nuevo entorno digital es parte indispensable de nuestro d\u00eda a d\u00eda para trabajar, divertirnos y relacionarnos con los dem\u00e1s.<\/p>\n<p style=\"text-align: justify;\">Sin embargo,\u00a0<strong>en este espacio tambi\u00e9n se han trasladado todas las din\u00e1micas del mundo f\u00edsico, incluidas aquellas que nos hacen da\u00f1o: la violencia y los delitos<\/strong>. En las redes, bajo la sombra del anonimato, encontramos a trolls, incels, acosadores y delincuentes que campan a sus anchas. Estos agresores se ocultan tras perfiles que no podemos identificar, atacan sin que tengamos forma de defendernos, y no temen las consecuencias de sus acciones.<\/p>\n<p style=\"text-align: justify;\"><strong>La violencia digital es una amenaza real<\/strong>, con consecuencias reales.\u00a0<strong>Afecta nuestra salud mental y f\u00edsica<\/strong>, genera estr\u00e9s, insomnio, ansiedad y, muchas veces, enfermedades que se desencadenan por\u00a0<strong>el desgaste emocional que implica enfrentarse al odio constante<\/strong>.<\/p>\n<p style=\"text-align: justify;\"><strong>Adem\u00e1s, nos a\u00edsla y nos limita<\/strong>. Nos dicen que para protegernos, debemos dejar de usar nuestras redes, silenciar nuestras opiniones, y no responder a los ataques. Pero\u00a0<strong>\u00bfpor qu\u00e9 tenemos que ser nosotras quienes nos apartemos? \u00bfPor qu\u00e9 no se cuestiona a quienes usan la violencia para intentar silenciarnos?<\/strong>\u00a0Nosotras tambi\u00e9n tenemos derecho a expresarnos, a participar, a estar en los espacios digitales sin miedo.<\/p>\n<p style=\"text-align: justify;\">Esta violencia no solo nos afecta a nivel personal, sino que tambi\u00e9n impacta nuestro trabajo y nuestro futuro.\u00a0<strong>Nos quita visibilidad, nos arrebata oportunidades, e incluso llega a afectarnos econ\u00f3micamente, al cerrar puertas y limitar nuestro acceso a nuevas oportunidades<\/strong>. Las denuncias masivas a nuestras cuentas, la manipulaci\u00f3n de nuestros mensajes y el acoso constante buscan expulsarnos del espacio p\u00fablico.\u00a0<strong>Y como si esto fuera poco, muchas veces utilizan el sistema judicial para desgastarnos, con demandas abusivas que buscan silenciarnos a trav\u00e9s del miedo y la intimidaci\u00f3n<\/strong>.<\/p>\n<p align=\"justify\">\u00a0No es solo un mensaje: es violencia digital: #RedesSinMachismo #25N<\/p>\n<p><a href=\"http:\/\/www.casariche.es\/wp-content\/uploads\/2024\/11\/Manifiesto-25N24.pdf\" target=\"_blank\" rel=\"noopener\">Consultar Manifiesto 25N 2024 Diputaciones andaluzas<\/a><\/p>\n<p><img loading=\"lazy\" decoding=\"async\" class=\"alignnone size-full wp-image-68746\" src=\"http:\/\/www.casariche.es\/wp-content\/uploads\/2024\/11\/25N_Cartel-DIPUT.jpg\" alt=\"\" width=\"1754\" height=\"2480\" srcset=\"http:\/\/www.casariche.es\/wp-content\/uploads\/2024\/11\/25N_Cartel-DIPUT.jpg 1754w, http:\/\/www.casariche.es\/wp-content\/uploads\/2024\/11\/25N_Cartel-DIPUT-212x300.jpg 212w, http:\/\/www.casariche.es\/wp-content\/uploads\/2024\/11\/25N_Cartel-DIPUT-724x1024.jpg 724w, http:\/\/www.casariche.es\/wp-content\/uploads\/2024\/11\/25N_Cartel-DIPUT-768x1086.jpg 768w, http:\/\/www.casariche.es\/wp-content\/uploads\/2024\/11\/25N_Cartel-DIPUT-1086x1536.jpg 1086w, http:\/\/www.casariche.es\/wp-content\/uploads\/2024\/11\/25N_Cartel-DIPUT-1448x2048.jpg 1448w\" sizes=\"auto, (max-width: 1754px) 100vw, 1754px\" \/><\/p>\n","protected":false},"excerpt":{"rendered":"<p>Hoy 25 de noviembre de 2024 nuestro municipio se suma a dar visibilidad a la Campa\u00f1a contra la Violencia de G\u00e9nero consensuada por la Diputaci\u00f3n<\/p>\n","protected":false},"author":2,"featured_media":68746,"comment_status":"closed","ping_status":"closed","sticky":false,"template":"","format":"standard","meta":{"footnotes":""},"categories":[1,6],"tags":[2688,35,1383],"class_list":["post-68744","post","type-post","status-publish","format-standard","has-post-thumbnail","hentry","category-sin-categoria","category-bienestar-social","tag-25n","tag-campana","tag-diputacion"],"_links":{"self":[{"href":"http:\/\/www.casariche.es\/index.php?rest_route=\/wp\/v2\/posts\/68744","targetHints":{"allow":["GET"]}}],"collection":[{"href":"http:\/\/www.casariche.es\/index.php?rest_route=\/wp\/v2\/posts"}],"about":[{"href":"http:\/\/www.casariche.es\/index.php?rest_route=\/wp\/v2\/types\/post"}],"author":[{"embeddable":true,"href":"http:\/\/www.casariche.es\/index.php?rest_route=\/wp\/v2\/users\/2"}],"replies":[{"embeddable":true,"href":"http:\/\/www.casariche.es\/index.php?rest_route=%2Fwp%2Fv2%2Fcomments&post=68744"}],"version-history":[{"count":4,"href":"http:\/\/www.casariche.es\/index.php?rest_route=\/wp\/v2\/posts\/68744\/revisions"}],"predecessor-version":[{"id":68750,"href":"http:\/\/www.casariche.es\/index.php?rest_route=\/wp\/v2\/posts\/68744\/revisions\/68750"}],"wp:featuredmedia":[{"embeddable":true,"href":"http:\/\/www.casariche.es\/index.php?rest_route=\/wp\/v2\/media\/68746"}],"wp:attachment":[{"href":"http:\/\/www.casariche.es\/index.php?rest_route=%2Fwp%2Fv2%2Fmedia&parent=68744"}],"wp:term":[{"taxonomy":"category","embeddable":true,"href":"http:\/\/www.casariche.es\/index.php?rest_route=%2Fwp%2Fv2%2Fcategories&post=68744"},{"taxonomy":"post_tag","embeddable":true,"href":"http:\/\/www.casariche.es\/index.php?rest_route=%2Fwp%2Fv2%2Ftags&post=68744"}],"curies":[{"name":"wp","href":"https:\/\/api.w.org\/{rel}","templated":true}]}}