{"id":68685,"date":"2024-11-21T12:00:26","date_gmt":"2024-11-21T11:00:26","guid":{"rendered":"https:\/\/www.casariche.es\/?p=68685"},"modified":"2024-11-21T11:51:59","modified_gmt":"2024-11-21T10:51:59","slug":"este-lunes-25-de-noviembre-os-esperamos-en-la-2a-carrera-marcha-casariche-contra-la-violencia-de-genero","status":"publish","type":"post","link":"http:\/\/www.casariche.es\/?p=68685","title":{"rendered":"Este lunes 25 de noviembre os esperamos en la 2\u00aa Carrera \u2013 MARCHA Casariche contra la Violencia de G\u00e9nero"},"content":{"rendered":"<p style=\"text-align: justify;\">El lunes <strong>25 de noviembre celebramos la 2\u00aa Carrera \u2013 MARCHA Casariche contra la Violencia de G\u00e9nero<\/strong>, que\u00a0<strong>saldr\u00e1 a las 16:30 h de la Plaza Alcalde Jos\u00e9 Ram\u00f3n Parrado Cano y concluir\u00e1 a las 17:30 h en el mismo lugar<\/strong>. Se puede consultar el recorrido de la misma en el cartel informativo que acompa\u00f1a a esta noticia.<\/p>\n<p style=\"text-align: justify;\">Al finalizar la misma, se proceder\u00e1 a dar\u00a0<strong>lectura al manifiesto conmemorativo, a cargo de Sandra G\u00f3mez Parrado<\/strong>, Concejala de Igualdad, Diversidad y Mujer, y\u00a0<strong>despu\u00e9s se celebrar\u00e1 una merienda de convivencia por los buenos tratos por parte de la Asociaci\u00f3n de Mujeres \u2018Sirena\u2019 y el Ayuntamiento<\/strong>.<\/p>\n<p style=\"text-align: justify;\">Este es el\u00a0<strong>acto central de la Campa\u00f1a 25N de este a\u00f1o<\/strong>, que est\u00e1 organizada por el Ayuntamiento de Casariche (\u00c1rea de Igualdad), con la colaboraci\u00f3n de la Asociaci\u00f3n de Mujeres Sirena, y est\u00e1 financiada con cargo a las Transferencias recibidas del Ministerio de Igualdad, Secretar\u00eda de Estado de Igualdad y para la Erradicaci\u00f3n de la Violencia contra las Mujeres, para el desarrollo de nuevas o ampliadas competencias reservadas a las Entidades Locales en el Pacto de Estado contra la Violencia de G\u00e9nero, ejercicio 2024.<\/p>\n<p style=\"text-align: justify;\">\u00a1Os esperamos!<\/p>\n<p><img loading=\"lazy\" decoding=\"async\" class=\"alignnone size-full wp-image-68687\" src=\"http:\/\/www.casariche.es\/wp-content\/uploads\/2024\/11\/CARTEL-MARCHA-25-N-2024-JPG.jpg\" alt=\"\" width=\"1587\" height=\"2245\" srcset=\"http:\/\/www.casariche.es\/wp-content\/uploads\/2024\/11\/CARTEL-MARCHA-25-N-2024-JPG.jpg 1587w, http:\/\/www.casariche.es\/wp-content\/uploads\/2024\/11\/CARTEL-MARCHA-25-N-2024-JPG-212x300.jpg 212w, http:\/\/www.casariche.es\/wp-content\/uploads\/2024\/11\/CARTEL-MARCHA-25-N-2024-JPG-724x1024.jpg 724w, http:\/\/www.casariche.es\/wp-content\/uploads\/2024\/11\/CARTEL-MARCHA-25-N-2024-JPG-768x1086.jpg 768w, http:\/\/www.casariche.es\/wp-content\/uploads\/2024\/11\/CARTEL-MARCHA-25-N-2024-JPG-1086x1536.jpg 1086w, http:\/\/www.casariche.es\/wp-content\/uploads\/2024\/11\/CARTEL-MARCHA-25-N-2024-JPG-1448x2048.jpg 1448w\" sizes=\"auto, (max-width: 1587px) 100vw, 1587px\" \/><\/p>\n","protected":false},"excerpt":{"rendered":"<p>El lunes 25 de noviembre celebramos la 2\u00aa Carrera \u2013 MARCHA Casariche contra la Violencia de G\u00e9nero, que\u00a0saldr\u00e1 a las 16:30 h de la Plaza<\/p>\n","protected":false},"author":2,"featured_media":68687,"comment_status":"closed","ping_status":"closed","sticky":false,"template":"","format":"standard","meta":{"footnotes":""},"categories":[1,6],"tags":[120,228,253,2363,227],"class_list":["post-68685","post","type-post","status-publish","format-standard","has-post-thumbnail","hentry","category-sin-categoria","category-bienestar-social","tag-carrera","tag-genero","tag-marcha","tag-merienda","tag-violencia"],"_links":{"self":[{"href":"http:\/\/www.casariche.es\/index.php?rest_route=\/wp\/v2\/posts\/68685","targetHints":{"allow":["GET"]}}],"collection":[{"href":"http:\/\/www.casariche.es\/index.php?rest_route=\/wp\/v2\/posts"}],"about":[{"href":"http:\/\/www.casariche.es\/index.php?rest_route=\/wp\/v2\/types\/post"}],"author":[{"embeddable":true,"href":"http:\/\/www.casariche.es\/index.php?rest_route=\/wp\/v2\/users\/2"}],"replies":[{"embeddable":true,"href":"http:\/\/www.casariche.es\/index.php?rest_route=%2Fwp%2Fv2%2Fcomments&post=68685"}],"version-history":[{"count":2,"href":"http:\/\/www.casariche.es\/index.php?rest_route=\/wp\/v2\/posts\/68685\/revisions"}],"predecessor-version":[{"id":68688,"href":"http:\/\/www.casariche.es\/index.php?rest_route=\/wp\/v2\/posts\/68685\/revisions\/68688"}],"wp:featuredmedia":[{"embeddable":true,"href":"http:\/\/www.casariche.es\/index.php?rest_route=\/wp\/v2\/media\/68687"}],"wp:attachment":[{"href":"http:\/\/www.casariche.es\/index.php?rest_route=%2Fwp%2Fv2%2Fmedia&parent=68685"}],"wp:term":[{"taxonomy":"category","embeddable":true,"href":"http:\/\/www.casariche.es\/index.php?rest_route=%2Fwp%2Fv2%2Fcategories&post=68685"},{"taxonomy":"post_tag","embeddable":true,"href":"http:\/\/www.casariche.es\/index.php?rest_route=%2Fwp%2Fv2%2Ftags&post=68685"}],"curies":[{"name":"wp","href":"https:\/\/api.w.org\/{rel}","templated":true}]}}