{"id":68045,"date":"2024-10-31T10:38:01","date_gmt":"2024-10-31T09:38:01","guid":{"rendered":"https:\/\/www.casariche.es\/?p=68045"},"modified":"2024-10-31T12:12:31","modified_gmt":"2024-10-31T11:12:31","slug":"bando-declaracion-de-luto-oficial","status":"publish","type":"post","link":"http:\/\/www.casariche.es\/?p=68045","title":{"rendered":"BANDO DECLARACI\u00d3N DE LUTO OFICIAL"},"content":{"rendered":"<p style=\"text-align: justify;\">D. Jos\u00e9 Ram\u00f3n Parrado Borrego, Alcalde &#8211; Presidente del Ayuntamiento de Casariche hace saber que:<\/p>\n<p style=\"text-align: justify;\"><strong>El Ayuntamiento de Casariche se suma a los tres d\u00edas de luto oficial decretado por el Gobierno de Espa\u00f1a (Real Decreto 1117\/2024, de 30 de octubre, por el que se declara luto oficial con motivo de las inundaciones acaecidas los d\u00edas 29 y 30 de octubre de 2024, que ha sido publicado en el BOE No 263 de 31\/10\/2024), como muestra de m\u00e1ximo respeto a todas las personas fallecidas a consecuencia de la DANA y en solidaridad con todas las personas afectadas y damnificadas por las inundaciones acaecidas los d\u00edas 29 y 30 de octubre de 2024<\/strong>.<\/p>\n<p style=\"text-align: justify;\"><strong>Desde las 00 horas del d\u00eda 31 de octubre hasta las 24 horas del d\u00eda 2 de noviembre, se suspenden todas las actividades institucionales y festivas en Casariche, ondeando las banderas de este Ayuntamiento a media asta en se\u00f1al de duelo y respeto. Es decir, durante estos tres d\u00edas de luto oficial:<\/strong><\/p>\n<p style=\"text-align: justify;\"><strong>&#8211; Se suspenden todas las actividades de car\u00e1cter festivo que estaban organizadas por el Ayuntamiento de Casariche, o aquellas en las que colabore.<\/strong><\/p>\n<p style=\"text-align: justify;\"><strong>&#8211; Las actividades organizadas por particulares o entidades privadas no se ver\u00e1n afectadas por este decreto de luto oficial y podr\u00e1n celebrarse seg\u00fan lo previsto.<\/strong><\/p>\n<p style=\"text-align: justify;\">Se agradece la comprensi\u00f3n de los vecinos y vecinas de Casariche, que son siempre ejemplo de solidaridad y sensibilidad ante estos momentos de tristeza.<\/p>\n<p style=\"text-align: justify;\">Desde nuestro Ayuntamiento trasladamos nuestras condolencias a todos los familiares de las v\u00edctimas y a todas las personas afectadas y les transmitimos todo nuestro apoyo.<\/p>\n<p>Lo que se hace p\u00fablico para general conocimiento y efectos.<\/p>\n<p>En Casariche a treinta y uno de octubre de dos mil veinticuatro.<\/p>\n<p><img loading=\"lazy\" decoding=\"async\" class=\"alignnone size-full wp-image-68048\" src=\"http:\/\/www.casariche.es\/wp-content\/uploads\/2024\/10\/bando-luto-oficial-scaled.jpg\" alt=\"\" width=\"1809\" height=\"2560\" srcset=\"http:\/\/www.casariche.es\/wp-content\/uploads\/2024\/10\/bando-luto-oficial-scaled.jpg 1809w, http:\/\/www.casariche.es\/wp-content\/uploads\/2024\/10\/bando-luto-oficial-212x300.jpg 212w, http:\/\/www.casariche.es\/wp-content\/uploads\/2024\/10\/bando-luto-oficial-724x1024.jpg 724w, http:\/\/www.casariche.es\/wp-content\/uploads\/2024\/10\/bando-luto-oficial-768x1087.jpg 768w, http:\/\/www.casariche.es\/wp-content\/uploads\/2024\/10\/bando-luto-oficial-1086x1536.jpg 1086w, http:\/\/www.casariche.es\/wp-content\/uploads\/2024\/10\/bando-luto-oficial-1447x2048.jpg 1447w\" sizes=\"auto, (max-width: 1809px) 100vw, 1809px\" \/><\/p>\n<div class=\"x11i5rnm xat24cr x1mh8g0r x1vvkbs xtlvy1s x126k92a\"><\/div>\n<div class=\"x11i5rnm xat24cr x1mh8g0r x1vvkbs xtlvy1s x126k92a\">\n<div dir=\"auto\" style=\"text-align: center;\"><\/div>\n<\/div>\n","protected":false},"excerpt":{"rendered":"<p>D. Jos\u00e9 Ram\u00f3n Parrado Borrego, Alcalde &#8211; Presidente del Ayuntamiento de Casariche hace saber que: El Ayuntamiento de Casariche se suma a los tres d\u00edas<\/p>\n","protected":false},"author":2,"featured_media":68048,"comment_status":"closed","ping_status":"closed","sticky":false,"template":"","format":"standard","meta":{"footnotes":""},"categories":[4829,1],"tags":[],"class_list":["post-68045","post","type-post","status-publish","format-standard","has-post-thumbnail","hentry","category-comunicacion","category-sin-categoria"],"_links":{"self":[{"href":"http:\/\/www.casariche.es\/index.php?rest_route=\/wp\/v2\/posts\/68045","targetHints":{"allow":["GET"]}}],"collection":[{"href":"http:\/\/www.casariche.es\/index.php?rest_route=\/wp\/v2\/posts"}],"about":[{"href":"http:\/\/www.casariche.es\/index.php?rest_route=\/wp\/v2\/types\/post"}],"author":[{"embeddable":true,"href":"http:\/\/www.casariche.es\/index.php?rest_route=\/wp\/v2\/users\/2"}],"replies":[{"embeddable":true,"href":"http:\/\/www.casariche.es\/index.php?rest_route=%2Fwp%2Fv2%2Fcomments&post=68045"}],"version-history":[{"count":4,"href":"http:\/\/www.casariche.es\/index.php?rest_route=\/wp\/v2\/posts\/68045\/revisions"}],"predecessor-version":[{"id":68054,"href":"http:\/\/www.casariche.es\/index.php?rest_route=\/wp\/v2\/posts\/68045\/revisions\/68054"}],"wp:featuredmedia":[{"embeddable":true,"href":"http:\/\/www.casariche.es\/index.php?rest_route=\/wp\/v2\/media\/68048"}],"wp:attachment":[{"href":"http:\/\/www.casariche.es\/index.php?rest_route=%2Fwp%2Fv2%2Fmedia&parent=68045"}],"wp:term":[{"taxonomy":"category","embeddable":true,"href":"http:\/\/www.casariche.es\/index.php?rest_route=%2Fwp%2Fv2%2Fcategories&post=68045"},{"taxonomy":"post_tag","embeddable":true,"href":"http:\/\/www.casariche.es\/index.php?rest_route=%2Fwp%2Fv2%2Ftags&post=68045"}],"curies":[{"name":"wp","href":"https:\/\/api.w.org\/{rel}","templated":true}]}}