{"id":67397,"date":"2024-10-04T13:23:39","date_gmt":"2024-10-04T11:23:39","guid":{"rendered":"https:\/\/www.casariche.es\/?p=67397"},"modified":"2024-10-04T13:23:39","modified_gmt":"2024-10-04T11:23:39","slug":"la-x-marcha-contra-el-cancer-de-mama-de-casariche-se-realizara-el-domingo-20-de-octubre","status":"publish","type":"post","link":"http:\/\/www.casariche.es\/?p=67397","title":{"rendered":"La X Marcha contra el C\u00e1ncer de Mama de Casariche se realizar\u00e1 el domingo 20 de octubre"},"content":{"rendered":"<p style=\"text-align: justify;\">Un a\u00f1o m\u00e1s en octubre tenemos una cita con la<strong> Marcha contra el C\u00e1ncer de Mama <\/strong>organizada por la Junta Local de la AECC Casariche.<\/p>\n<p style=\"text-align: justify;\">Este a\u00f1o alcanza su <strong>d\u00e9cima edici\u00f3n y se celebrar\u00e1 el domingo, 20 de octubre a las 11:00h. <\/strong>Del mismo modo que en a\u00f1os anteriores,<strong> tendr\u00e1 ubicadas su<\/strong><strong> salida y su meta en la Plaza Alcalde Jos\u00e9 Ram\u00f3n Parrado Cano<\/strong>.<\/p>\n<p style=\"text-align: justify;\">Del mismo modo, y seg\u00fan ha informado la Junta Local de la AECC Casariche, <strong>ya est\u00e1n a la venta las camisetas<\/strong> de la marcha con el lema \u00abEl Rosa es m\u00e1s que un color\u00bb\u00a0 a un coste de <strong>6\u20ac\u00a0 como precio de inscripci\u00f3n a la misma. <\/strong><strong>El <\/strong><strong>punto de venta, ubicado en la C\/ Ra\u00fal Berral <\/strong>(esquina del estanco)<strong>, atiende al p\u00fablico <\/strong><strong>de lunes a viernes, en horario de 11:00h a 13:00h (ma\u00f1anas) y de 18:00h a 20:00h (tardes)<\/strong><\/p>\n<p style=\"text-align: justify;\">\u00a1Os esperamos en esta marcha solidaria de apoyo a la lucha contra el c\u00e1ncer!<\/p>\n<p><img loading=\"lazy\" decoding=\"async\" class=\"alignnone size-full wp-image-67401\" src=\"http:\/\/www.casariche.es\/wp-content\/uploads\/2024\/10\/WhatsApp-Image-2024-10-04-at-13.10.00.jpeg\" alt=\"\" width=\"1131\" height=\"1600\" srcset=\"http:\/\/www.casariche.es\/wp-content\/uploads\/2024\/10\/WhatsApp-Image-2024-10-04-at-13.10.00.jpeg 1131w, http:\/\/www.casariche.es\/wp-content\/uploads\/2024\/10\/WhatsApp-Image-2024-10-04-at-13.10.00-212x300.jpeg 212w, http:\/\/www.casariche.es\/wp-content\/uploads\/2024\/10\/WhatsApp-Image-2024-10-04-at-13.10.00-724x1024.jpeg 724w, http:\/\/www.casariche.es\/wp-content\/uploads\/2024\/10\/WhatsApp-Image-2024-10-04-at-13.10.00-768x1086.jpeg 768w, http:\/\/www.casariche.es\/wp-content\/uploads\/2024\/10\/WhatsApp-Image-2024-10-04-at-13.10.00-1086x1536.jpeg 1086w\" sizes=\"auto, (max-width: 1131px) 100vw, 1131px\" \/><\/p>\n","protected":false},"excerpt":{"rendered":"<p>Un a\u00f1o m\u00e1s en octubre tenemos una cita con la Marcha contra el C\u00e1ncer de Mama organizada por la Junta Local de la AECC Casariche.<\/p>\n","protected":false},"author":2,"featured_media":67401,"comment_status":"closed","ping_status":"closed","sticky":false,"template":"","format":"standard","meta":{"footnotes":""},"categories":[1,6],"tags":[256,737,253],"class_list":["post-67397","post","type-post","status-publish","format-standard","has-post-thumbnail","hentry","category-sin-categoria","category-bienestar-social","tag-cancer","tag-mama","tag-marcha"],"_links":{"self":[{"href":"http:\/\/www.casariche.es\/index.php?rest_route=\/wp\/v2\/posts\/67397","targetHints":{"allow":["GET"]}}],"collection":[{"href":"http:\/\/www.casariche.es\/index.php?rest_route=\/wp\/v2\/posts"}],"about":[{"href":"http:\/\/www.casariche.es\/index.php?rest_route=\/wp\/v2\/types\/post"}],"author":[{"embeddable":true,"href":"http:\/\/www.casariche.es\/index.php?rest_route=\/wp\/v2\/users\/2"}],"replies":[{"embeddable":true,"href":"http:\/\/www.casariche.es\/index.php?rest_route=%2Fwp%2Fv2%2Fcomments&post=67397"}],"version-history":[{"count":2,"href":"http:\/\/www.casariche.es\/index.php?rest_route=\/wp\/v2\/posts\/67397\/revisions"}],"predecessor-version":[{"id":67402,"href":"http:\/\/www.casariche.es\/index.php?rest_route=\/wp\/v2\/posts\/67397\/revisions\/67402"}],"wp:featuredmedia":[{"embeddable":true,"href":"http:\/\/www.casariche.es\/index.php?rest_route=\/wp\/v2\/media\/67401"}],"wp:attachment":[{"href":"http:\/\/www.casariche.es\/index.php?rest_route=%2Fwp%2Fv2%2Fmedia&parent=67397"}],"wp:term":[{"taxonomy":"category","embeddable":true,"href":"http:\/\/www.casariche.es\/index.php?rest_route=%2Fwp%2Fv2%2Fcategories&post=67397"},{"taxonomy":"post_tag","embeddable":true,"href":"http:\/\/www.casariche.es\/index.php?rest_route=%2Fwp%2Fv2%2Ftags&post=67397"}],"curies":[{"name":"wp","href":"https:\/\/api.w.org\/{rel}","templated":true}]}}