{"id":66363,"date":"2024-08-21T09:29:22","date_gmt":"2024-08-21T07:29:22","guid":{"rendered":"https:\/\/www.casariche.es\/?p=66363"},"modified":"2024-08-21T09:29:45","modified_gmt":"2024-08-21T07:29:45","slug":"publicadas-las-puntuaciones-definitivas-y-la-propuesta-de-contratacion-de-los-as-aspirantes-admitidos-para-la-convocatoria-de-una-plaza-de-personal-tecnico-de-proyectos-integrales","status":"publish","type":"post","link":"http:\/\/www.casariche.es\/?p=66363","title":{"rendered":"Publicadas las Puntuaciones Definitivas y la Propuesta de Contrataci\u00f3n de los\/as Aspirantes Admitidos para la convocatoria de una plaza de Personal T\u00e9cnico de Proyectos Integrales"},"content":{"rendered":"<p style=\"text-align: justify;\"><span style=\"font-size: 1rem;\">Desde la Delegaci\u00f3n de Empleo informamos a todos los vecinos y vecinas de Casariche que <\/span><strong style=\"font-size: 1rem;\">ya est\u00e1n disponibles<\/strong><span style=\"font-size: 1rem;\">, tanto en el Tabl\u00f3n de Anuncios de nuestro Ayuntamiento como en el E-tabl\u00f3n,\u00a0<\/span><strong style=\"font-size: 1rem;\">las Puntuaciones Definitivas de y la Propuesta de Contrataci\u00f3n de los\/as Aspirantes Admitidos<\/strong> <span style=\"font-size: 1rem;\"><strong>para la convocatoria de una plaza de Personal T\u00e9cnico de Proyectos Integrales<\/strong> para la inserci\u00f3n laboral de colectivos vulnerables del Ayuntamiento de Casariche.<\/span><\/p>\n<div class=\"entry-content clearfix\">\n<p>Para cualquier duda, pueden preguntarla en la Oficina de Informaci\u00f3n del Ayuntamiento.<\/p>\n<p>Muchas gracias.<\/p>\n<p><img loading=\"lazy\" decoding=\"async\" class=\"alignnone size-full wp-image-66365\" src=\"http:\/\/www.casariche.es\/wp-content\/uploads\/2024\/08\/proyectosintegrales.jpg\" alt=\"\" width=\"689\" height=\"496\" srcset=\"http:\/\/www.casariche.es\/wp-content\/uploads\/2024\/08\/proyectosintegrales.jpg 689w, http:\/\/www.casariche.es\/wp-content\/uploads\/2024\/08\/proyectosintegrales-300x216.jpg 300w\" sizes=\"auto, (max-width: 689px) 100vw, 689px\" \/><\/p>\n<\/div>\n","protected":false},"excerpt":{"rendered":"<p>Desde la Delegaci\u00f3n de Empleo informamos a todos los vecinos y vecinas de Casariche que ya est\u00e1n disponibles, tanto en el Tabl\u00f3n de Anuncios de<\/p>\n","protected":false},"author":2,"featured_media":66365,"comment_status":"closed","ping_status":"closed","sticky":false,"template":"","format":"standard","meta":{"footnotes":""},"categories":[9,1],"tags":[4842,54,1514],"class_list":["post-66363","post","type-post","status-publish","format-standard","has-post-thumbnail","hentry","category-educacion","category-sin-categoria","tag-integrales","tag-proyectos","tag-tecnico"],"_links":{"self":[{"href":"http:\/\/www.casariche.es\/index.php?rest_route=\/wp\/v2\/posts\/66363","targetHints":{"allow":["GET"]}}],"collection":[{"href":"http:\/\/www.casariche.es\/index.php?rest_route=\/wp\/v2\/posts"}],"about":[{"href":"http:\/\/www.casariche.es\/index.php?rest_route=\/wp\/v2\/types\/post"}],"author":[{"embeddable":true,"href":"http:\/\/www.casariche.es\/index.php?rest_route=\/wp\/v2\/users\/2"}],"replies":[{"embeddable":true,"href":"http:\/\/www.casariche.es\/index.php?rest_route=%2Fwp%2Fv2%2Fcomments&post=66363"}],"version-history":[{"count":2,"href":"http:\/\/www.casariche.es\/index.php?rest_route=\/wp\/v2\/posts\/66363\/revisions"}],"predecessor-version":[{"id":66366,"href":"http:\/\/www.casariche.es\/index.php?rest_route=\/wp\/v2\/posts\/66363\/revisions\/66366"}],"wp:featuredmedia":[{"embeddable":true,"href":"http:\/\/www.casariche.es\/index.php?rest_route=\/wp\/v2\/media\/66365"}],"wp:attachment":[{"href":"http:\/\/www.casariche.es\/index.php?rest_route=%2Fwp%2Fv2%2Fmedia&parent=66363"}],"wp:term":[{"taxonomy":"category","embeddable":true,"href":"http:\/\/www.casariche.es\/index.php?rest_route=%2Fwp%2Fv2%2Fcategories&post=66363"},{"taxonomy":"post_tag","embeddable":true,"href":"http:\/\/www.casariche.es\/index.php?rest_route=%2Fwp%2Fv2%2Ftags&post=66363"}],"curies":[{"name":"wp","href":"https:\/\/api.w.org\/{rel}","templated":true}]}}