{"id":65719,"date":"2024-07-18T18:30:54","date_gmt":"2024-07-18T16:30:54","guid":{"rendered":"https:\/\/www.casariche.es\/?p=65719"},"modified":"2024-07-18T17:20:04","modified_gmt":"2024-07-18T15:20:04","slug":"ya-esta-disponible-el-hoy-por-hoy-de-cadena-ser-dedicado-a-casariche-y-a-nuestra-feria-2024","status":"publish","type":"post","link":"http:\/\/www.casariche.es\/?p=65719","title":{"rendered":"Ya est\u00e1 disponible el Hoy por Hoy de Cadena Ser dedicado a Casariche y a nuestra Feria 2024"},"content":{"rendered":"<p style=\"text-align: justify;\">El programa <strong>Hoy por hoy de la Cadena Ser Andaluc\u00eda Centro se ha emitido en directo desde el Sal\u00f3n de Plenos de nuestro Ayuntamiento y ha tenido como protagonista a Casariche y a nuestra Feria de Santiago 2024.<\/strong><\/p>\n<p style=\"text-align: justify;\">Durante el mismo, <strong>nuestro Alcalde, Jos\u00e9 Ram\u00f3n Parrado ha hecho un balance de las actuaciones llevadas a cabo en este primer a\u00f1o de legislatura y de los asuntos prioritarios<\/strong> en los que el Ayuntamiento est\u00e1 trabajando actualmente.<\/p>\n<p style=\"text-align: justify;\">Del mismo modo, <strong>nuestra Concejala de Festejos, Blanca Moriana, ha dado a conocer los platos fuertes de nuestra Feria de Santiago 2024, y las novedades que se presentan de cara a estas fiestas como, por ejemplo, el cambio de d\u00eda de la celebraci\u00f3n de la Gala de Elecci\u00f3n y Coronaci\u00f3n de la Reina de las Fiestas y M\u00edster Casariche 2024<\/strong><\/p>\n<p style=\"text-align: justify;\">Todo ello, <strong>en compa\u00f1\u00eda de Antonia Parrado, Presidenta de la Asociaci\u00f3n Mujeres Sirena de nuestra localidad<\/strong>, encargadas del encendido de nuestra feria este a\u00f1o.<\/p>\n<p style=\"text-align: justify;\">El programa \u00edntegro puede escucharse en el siguiente enlace: <a href=\"https:\/\/www.andaluciacentro.com\/sevilla\/estepa\/casariche\/45020\/casariche-celebra-su-feria-de-santiago-del-24-al-28-de-julio\" target=\"_blank\" rel=\"noopener\">https:\/\/www.andaluciacentro.com\/sevilla\/estepa\/casariche\/45020\/casariche-celebra-su-feria-de-santiago-del-24-al-28-de-julio<\/a><\/p>\n<p><img loading=\"lazy\" decoding=\"async\" class=\"alignnone size-full wp-image-65738\" src=\"http:\/\/www.casariche.es\/wp-content\/uploads\/2024\/07\/cadena-ser-programa-feria.jpg\" alt=\"\" width=\"700\" height=\"420\" srcset=\"http:\/\/www.casariche.es\/wp-content\/uploads\/2024\/07\/cadena-ser-programa-feria.jpg 700w, http:\/\/www.casariche.es\/wp-content\/uploads\/2024\/07\/cadena-ser-programa-feria-300x180.jpg 300w\" sizes=\"auto, (max-width: 700px) 100vw, 700px\" \/><\/p>\n","protected":false},"excerpt":{"rendered":"<p>El programa Hoy por hoy de la Cadena Ser Andaluc\u00eda Centro se ha emitido en directo desde el Sal\u00f3n de Plenos de nuestro Ayuntamiento y<\/p>\n","protected":false},"author":2,"featured_media":65738,"comment_status":"closed","ping_status":"closed","sticky":false,"template":"","format":"standard","meta":{"footnotes":""},"categories":[7,1],"tags":[4261,1911],"class_list":["post-65719","post","type-post","status-publish","format-standard","has-post-thumbnail","hentry","category-cultura","category-sin-categoria","tag-cadena-ser","tag-hoy-por-hoy"],"_links":{"self":[{"href":"http:\/\/www.casariche.es\/index.php?rest_route=\/wp\/v2\/posts\/65719","targetHints":{"allow":["GET"]}}],"collection":[{"href":"http:\/\/www.casariche.es\/index.php?rest_route=\/wp\/v2\/posts"}],"about":[{"href":"http:\/\/www.casariche.es\/index.php?rest_route=\/wp\/v2\/types\/post"}],"author":[{"embeddable":true,"href":"http:\/\/www.casariche.es\/index.php?rest_route=\/wp\/v2\/users\/2"}],"replies":[{"embeddable":true,"href":"http:\/\/www.casariche.es\/index.php?rest_route=%2Fwp%2Fv2%2Fcomments&post=65719"}],"version-history":[{"count":3,"href":"http:\/\/www.casariche.es\/index.php?rest_route=\/wp\/v2\/posts\/65719\/revisions"}],"predecessor-version":[{"id":65739,"href":"http:\/\/www.casariche.es\/index.php?rest_route=\/wp\/v2\/posts\/65719\/revisions\/65739"}],"wp:featuredmedia":[{"embeddable":true,"href":"http:\/\/www.casariche.es\/index.php?rest_route=\/wp\/v2\/media\/65738"}],"wp:attachment":[{"href":"http:\/\/www.casariche.es\/index.php?rest_route=%2Fwp%2Fv2%2Fmedia&parent=65719"}],"wp:term":[{"taxonomy":"category","embeddable":true,"href":"http:\/\/www.casariche.es\/index.php?rest_route=%2Fwp%2Fv2%2Fcategories&post=65719"},{"taxonomy":"post_tag","embeddable":true,"href":"http:\/\/www.casariche.es\/index.php?rest_route=%2Fwp%2Fv2%2Ftags&post=65719"}],"curies":[{"name":"wp","href":"https:\/\/api.w.org\/{rel}","templated":true}]}}