{"id":65105,"date":"2024-06-26T13:40:53","date_gmt":"2024-06-26T11:40:53","guid":{"rendered":"https:\/\/www.casariche.es\/?p=65105"},"modified":"2024-06-26T13:44:58","modified_gmt":"2024-06-26T11:44:58","slug":"el-campamento-de-verano-2024-comienza-el-lunes-1-de-julio","status":"publish","type":"post","link":"http:\/\/www.casariche.es\/?p=65105","title":{"rendered":"El Campamento de Verano 2024 comienza el lunes 1 de julio"},"content":{"rendered":"<p style=\"text-align: justify;\"><strong>El Campamento de Verano 2024<\/strong>, que estar\u00e1 en marcha\u00a0de lunes a viernes, en horario de 09:30 h a 13:30 h durante los meses de julio y agosto, <strong>arranca el lunes d\u00eda 1 de julio, de modo que esperamos a todos los ni\u00f1os y ni\u00f1as inscritos a las 09:30h de la ma\u00f1ana en el colegio. El alumnado deber\u00e1 llevar su desayuno.<\/strong><\/p>\n<p style=\"text-align: justify;\">All\u00ed, los monitores ir\u00e1n pasando lista por cursos, y <strong>se le ir\u00e1 asignando a cada ni\u00f1o y ni\u00f1a participante el grupo y el monitor\/a que estar\u00e1 a su cargo<\/strong>.<\/p>\n<p style=\"text-align: justify;\">Muchas gracias.<\/p>\n<figure id=\"attachment_65116\" aria-describedby=\"caption-attachment-65116\" style=\"width: 1434px\" class=\"wp-caption alignnone\"><img loading=\"lazy\" decoding=\"async\" class=\"size-full wp-image-65116\" src=\"http:\/\/www.casariche.es\/wp-content\/uploads\/2024\/06\/Casariche-202416.jpg\" alt=\"\" width=\"1434\" height=\"1414\" srcset=\"http:\/\/www.casariche.es\/wp-content\/uploads\/2024\/06\/Casariche-202416.jpg 1434w, http:\/\/www.casariche.es\/wp-content\/uploads\/2024\/06\/Casariche-202416-300x296.jpg 300w, http:\/\/www.casariche.es\/wp-content\/uploads\/2024\/06\/Casariche-202416-1024x1010.jpg 1024w, http:\/\/www.casariche.es\/wp-content\/uploads\/2024\/06\/Casariche-202416-768x757.jpg 768w\" sizes=\"auto, (max-width: 1434px) 100vw, 1434px\" \/><figcaption id=\"caption-attachment-65116\" class=\"wp-caption-text\">Casariche 2024 &#8211; 2<\/figcaption><\/figure>\n","protected":false},"excerpt":{"rendered":"<p>El Campamento de Verano 2024, que estar\u00e1 en marcha\u00a0de lunes a viernes, en horario de 09:30 h a 13:30 h durante los meses de julio<\/p>\n","protected":false},"author":2,"featured_media":65116,"comment_status":"closed","ping_status":"closed","sticky":false,"template":"","format":"standard","meta":{"footnotes":""},"categories":[1,6],"tags":[71,40],"class_list":["post-65105","post","type-post","status-publish","format-standard","has-post-thumbnail","hentry","category-sin-categoria","category-bienestar-social","tag-campamento","tag-verano"],"_links":{"self":[{"href":"http:\/\/www.casariche.es\/index.php?rest_route=\/wp\/v2\/posts\/65105","targetHints":{"allow":["GET"]}}],"collection":[{"href":"http:\/\/www.casariche.es\/index.php?rest_route=\/wp\/v2\/posts"}],"about":[{"href":"http:\/\/www.casariche.es\/index.php?rest_route=\/wp\/v2\/types\/post"}],"author":[{"embeddable":true,"href":"http:\/\/www.casariche.es\/index.php?rest_route=\/wp\/v2\/users\/2"}],"replies":[{"embeddable":true,"href":"http:\/\/www.casariche.es\/index.php?rest_route=%2Fwp%2Fv2%2Fcomments&post=65105"}],"version-history":[{"count":4,"href":"http:\/\/www.casariche.es\/index.php?rest_route=\/wp\/v2\/posts\/65105\/revisions"}],"predecessor-version":[{"id":65119,"href":"http:\/\/www.casariche.es\/index.php?rest_route=\/wp\/v2\/posts\/65105\/revisions\/65119"}],"wp:featuredmedia":[{"embeddable":true,"href":"http:\/\/www.casariche.es\/index.php?rest_route=\/wp\/v2\/media\/65116"}],"wp:attachment":[{"href":"http:\/\/www.casariche.es\/index.php?rest_route=%2Fwp%2Fv2%2Fmedia&parent=65105"}],"wp:term":[{"taxonomy":"category","embeddable":true,"href":"http:\/\/www.casariche.es\/index.php?rest_route=%2Fwp%2Fv2%2Fcategories&post=65105"},{"taxonomy":"post_tag","embeddable":true,"href":"http:\/\/www.casariche.es\/index.php?rest_route=%2Fwp%2Fv2%2Ftags&post=65105"}],"curies":[{"name":"wp","href":"https:\/\/api.w.org\/{rel}","templated":true}]}}