{"id":64053,"date":"2024-05-16T12:00:54","date_gmt":"2024-05-16T10:00:54","guid":{"rendered":"https:\/\/www.casariche.es\/?p=64053"},"modified":"2024-05-16T11:35:16","modified_gmt":"2024-05-16T09:35:16","slug":"casariche-ha-participado-hoy-en-un-proyecto-sobre-los-acentos-de-los-pueblos-de-andalucia","status":"publish","type":"post","link":"http:\/\/www.casariche.es\/?p=64053","title":{"rendered":"Casariche ha participado hoy en un proyecto sobre los acentos de los pueblos de Andaluc\u00eda"},"content":{"rendered":"<p style=\"text-align: justify;\">Nuestro Ayuntamiento y la Fundaci\u00f3n Tierras de Jos\u00e9 Mar\u00eda El Tempranillo est\u00e1n colaborando con un <strong>proyecto que se est\u00e1 desarrollando en la Universidad de Granada para confeccionar un Atlas de los acentos de los pueblos de Andaluc\u00eda<\/strong> y que est\u00e1 liderado por el profesor Alfredo Herrero de Haro.<\/p>\n<p style=\"text-align: justify;\">Con el fin de recoger acentos de nuestra localidad, los responsables de este proyecto <strong>se han desplazado hoy a Casariche para grabar los acentos de dos hombres y dos mujeres de nuestra localidad<\/strong>.<\/p>\n<p style=\"text-align: justify;\">Desde el Ayuntamiento, queremos <strong>agradecer a la Universidad de Granada el desarrollo de este proyecto cuyo objetivo es recopilar la gran riqueza ling\u00fc\u00edstica que tiene Andaluc\u00eda, as\u00ed como queremos dar tambi\u00e9n las gracias a las y los casariche\u00f1os que han participado en este estudio para dejar testimonio oral del acento de nuestra localidad.<\/strong><\/p>\n<p><img loading=\"lazy\" decoding=\"async\" class=\"alignnone wp-image-64062 size-full\" src=\"http:\/\/www.casariche.es\/wp-content\/uploads\/2024\/05\/acentos-1.jpeg\" alt=\"\" width=\"1600\" height=\"1200\" srcset=\"http:\/\/www.casariche.es\/wp-content\/uploads\/2024\/05\/acentos-1.jpeg 1600w, http:\/\/www.casariche.es\/wp-content\/uploads\/2024\/05\/acentos-1-300x225.jpeg 300w, http:\/\/www.casariche.es\/wp-content\/uploads\/2024\/05\/acentos-1-1024x768.jpeg 1024w, http:\/\/www.casariche.es\/wp-content\/uploads\/2024\/05\/acentos-1-768x576.jpeg 768w, http:\/\/www.casariche.es\/wp-content\/uploads\/2024\/05\/acentos-1-1536x1152.jpeg 1536w, http:\/\/www.casariche.es\/wp-content\/uploads\/2024\/05\/acentos-1-100x75.jpeg 100w\" sizes=\"auto, (max-width: 1600px) 100vw, 1600px\" \/> <img loading=\"lazy\" decoding=\"async\" class=\"alignnone wp-image-64063 size-full\" src=\"http:\/\/www.casariche.es\/wp-content\/uploads\/2024\/05\/acentos-2.jpeg\" alt=\"\" width=\"1600\" height=\"1200\" srcset=\"http:\/\/www.casariche.es\/wp-content\/uploads\/2024\/05\/acentos-2.jpeg 1600w, http:\/\/www.casariche.es\/wp-content\/uploads\/2024\/05\/acentos-2-300x225.jpeg 300w, http:\/\/www.casariche.es\/wp-content\/uploads\/2024\/05\/acentos-2-1024x768.jpeg 1024w, http:\/\/www.casariche.es\/wp-content\/uploads\/2024\/05\/acentos-2-768x576.jpeg 768w, http:\/\/www.casariche.es\/wp-content\/uploads\/2024\/05\/acentos-2-1536x1152.jpeg 1536w, http:\/\/www.casariche.es\/wp-content\/uploads\/2024\/05\/acentos-2-100x75.jpeg 100w\" sizes=\"auto, (max-width: 1600px) 100vw, 1600px\" \/><\/p>\n","protected":false},"excerpt":{"rendered":"<p>Nuestro Ayuntamiento y la Fundaci\u00f3n Tierras de Jos\u00e9 Mar\u00eda El Tempranillo est\u00e1n colaborando con un proyecto que se est\u00e1 desarrollando en la Universidad de Granada<\/p>\n","protected":false},"author":2,"featured_media":64062,"comment_status":"closed","ping_status":"closed","sticky":false,"template":"","format":"standard","meta":{"footnotes":""},"categories":[7,1],"tags":[4885,4886,1085],"class_list":["post-64053","post","type-post","status-publish","format-standard","has-post-thumbnail","hentry","category-cultura","category-sin-categoria","tag-acentos","tag-atlas","tag-proyecto"],"_links":{"self":[{"href":"http:\/\/www.casariche.es\/index.php?rest_route=\/wp\/v2\/posts\/64053","targetHints":{"allow":["GET"]}}],"collection":[{"href":"http:\/\/www.casariche.es\/index.php?rest_route=\/wp\/v2\/posts"}],"about":[{"href":"http:\/\/www.casariche.es\/index.php?rest_route=\/wp\/v2\/types\/post"}],"author":[{"embeddable":true,"href":"http:\/\/www.casariche.es\/index.php?rest_route=\/wp\/v2\/users\/2"}],"replies":[{"embeddable":true,"href":"http:\/\/www.casariche.es\/index.php?rest_route=%2Fwp%2Fv2%2Fcomments&post=64053"}],"version-history":[{"count":3,"href":"http:\/\/www.casariche.es\/index.php?rest_route=\/wp\/v2\/posts\/64053\/revisions"}],"predecessor-version":[{"id":64065,"href":"http:\/\/www.casariche.es\/index.php?rest_route=\/wp\/v2\/posts\/64053\/revisions\/64065"}],"wp:featuredmedia":[{"embeddable":true,"href":"http:\/\/www.casariche.es\/index.php?rest_route=\/wp\/v2\/media\/64062"}],"wp:attachment":[{"href":"http:\/\/www.casariche.es\/index.php?rest_route=%2Fwp%2Fv2%2Fmedia&parent=64053"}],"wp:term":[{"taxonomy":"category","embeddable":true,"href":"http:\/\/www.casariche.es\/index.php?rest_route=%2Fwp%2Fv2%2Fcategories&post=64053"},{"taxonomy":"post_tag","embeddable":true,"href":"http:\/\/www.casariche.es\/index.php?rest_route=%2Fwp%2Fv2%2Ftags&post=64053"}],"curies":[{"name":"wp","href":"https:\/\/api.w.org\/{rel}","templated":true}]}}