{"id":64048,"date":"2024-05-16T11:00:09","date_gmt":"2024-05-16T09:00:09","guid":{"rendered":"https:\/\/www.casariche.es\/?p=64048"},"modified":"2024-05-15T16:32:10","modified_gmt":"2024-05-15T14:32:10","slug":"el-30-de-mayo-tenemos-un-viaje-cultural-a-vejer-de-la-frontera","status":"publish","type":"post","link":"http:\/\/www.casariche.es\/?p=64048","title":{"rendered":"El 30 de mayo tenemos un viaje cultural a Vejer de la Frontera"},"content":{"rendered":"<p style=\"text-align: justify;\">Desde el Ayuntamiento queremos terminar el mes de mayo con una nueva propuesta cultural. <strong>El jueves d\u00eda 30 nos vamos\u00a0 a Vejer de la Frontera<\/strong>, donde realizaremos una visita guiada en horario de ma\u00f1ana por los lugares m\u00e1s emblem\u00e1ticos de este municipio gaditano, disponiendo de tiempo libre por la tarde hasta su regreso a nuestro municipio, que ser\u00e1 a las 19:00h desde Vejer de la Frontera.<\/p>\n<p style=\"text-align: justify;\">Ya pod\u00e9is realizar vuestras <strong>inscripciones en el portal municipal:<\/strong> <strong><a href=\"https:\/\/inscripciones.casariche.es\/\">https:\/\/inscripciones.casariche.es\/<\/a>\u00a0o en la Oficina de Informaci\u00f3n<\/strong>\u00a0del Ayuntamiento.<\/p>\n<p style=\"text-align: justify;\"><strong>El coste de esta actividad es de 35\u20ac\/persona<\/strong> (almuerzo incluido con men\u00fa a elegir).<\/p>\n<p style=\"text-align: justify;\">\u00a1Os esperamos!<\/p>\n<p><img loading=\"lazy\" decoding=\"async\" class=\"alignnone wp-image-64049 size-full\" src=\"http:\/\/www.casariche.es\/wp-content\/uploads\/2024\/05\/viaje-vejer-frontera-UPO.jpg\" alt=\"\" width=\"1131\" height=\"1600\" srcset=\"http:\/\/www.casariche.es\/wp-content\/uploads\/2024\/05\/viaje-vejer-frontera-UPO.jpg 1131w, http:\/\/www.casariche.es\/wp-content\/uploads\/2024\/05\/viaje-vejer-frontera-UPO-212x300.jpg 212w, http:\/\/www.casariche.es\/wp-content\/uploads\/2024\/05\/viaje-vejer-frontera-UPO-724x1024.jpg 724w, http:\/\/www.casariche.es\/wp-content\/uploads\/2024\/05\/viaje-vejer-frontera-UPO-768x1086.jpg 768w, http:\/\/www.casariche.es\/wp-content\/uploads\/2024\/05\/viaje-vejer-frontera-UPO-1086x1536.jpg 1086w\" sizes=\"auto, (max-width: 1131px) 100vw, 1131px\" \/><\/p>\n<p style=\"text-align: justify;\">\n","protected":false},"excerpt":{"rendered":"<p>Desde el Ayuntamiento queremos terminar el mes de mayo con una nueva propuesta cultural. El jueves d\u00eda 30 nos vamos\u00a0 a Vejer de la Frontera,<\/p>\n","protected":false},"author":2,"featured_media":64049,"comment_status":"closed","ping_status":"closed","sticky":false,"template":"","format":"standard","meta":{"footnotes":""},"categories":[7,9,1],"tags":[64,4884,38],"class_list":["post-64048","post","type-post","status-publish","format-standard","has-post-thumbnail","hentry","category-cultura","category-educacion","category-sin-categoria","tag-cultural","tag-vejer-de-la-frontera","tag-viaje"],"_links":{"self":[{"href":"http:\/\/www.casariche.es\/index.php?rest_route=\/wp\/v2\/posts\/64048","targetHints":{"allow":["GET"]}}],"collection":[{"href":"http:\/\/www.casariche.es\/index.php?rest_route=\/wp\/v2\/posts"}],"about":[{"href":"http:\/\/www.casariche.es\/index.php?rest_route=\/wp\/v2\/types\/post"}],"author":[{"embeddable":true,"href":"http:\/\/www.casariche.es\/index.php?rest_route=\/wp\/v2\/users\/2"}],"replies":[{"embeddable":true,"href":"http:\/\/www.casariche.es\/index.php?rest_route=%2Fwp%2Fv2%2Fcomments&post=64048"}],"version-history":[{"count":3,"href":"http:\/\/www.casariche.es\/index.php?rest_route=\/wp\/v2\/posts\/64048\/revisions"}],"predecessor-version":[{"id":64052,"href":"http:\/\/www.casariche.es\/index.php?rest_route=\/wp\/v2\/posts\/64048\/revisions\/64052"}],"wp:featuredmedia":[{"embeddable":true,"href":"http:\/\/www.casariche.es\/index.php?rest_route=\/wp\/v2\/media\/64049"}],"wp:attachment":[{"href":"http:\/\/www.casariche.es\/index.php?rest_route=%2Fwp%2Fv2%2Fmedia&parent=64048"}],"wp:term":[{"taxonomy":"category","embeddable":true,"href":"http:\/\/www.casariche.es\/index.php?rest_route=%2Fwp%2Fv2%2Fcategories&post=64048"},{"taxonomy":"post_tag","embeddable":true,"href":"http:\/\/www.casariche.es\/index.php?rest_route=%2Fwp%2Fv2%2Ftags&post=64048"}],"curies":[{"name":"wp","href":"https:\/\/api.w.org\/{rel}","templated":true}]}}