{"id":58702,"date":"2023-11-21T16:00:07","date_gmt":"2023-11-21T15:00:07","guid":{"rendered":"https:\/\/www.casariche.es\/?p=58702"},"modified":"2023-11-21T13:56:14","modified_gmt":"2023-11-21T12:56:14","slug":"nazaret-cala-ofrecio-en-casariche-un-gran-recital-de-arte-y-sentimiento-para-conmemorar-el-dia-del-flamenco","status":"publish","type":"post","link":"http:\/\/www.casariche.es\/?p=58702","title":{"rendered":"Nazaret Cala ofreci\u00f3 en Casariche un gran recital de arte y sentimiento para conmemorar el D\u00eda del Flamenco"},"content":{"rendered":"<p style=\"text-align: justify;\">La cantaora gaditana <strong>Nazaret Cala<\/strong>, <strong>acompa\u00f1ada a la guitarra por Joaqu\u00edn Linera Cort\u00e9s, Ni\u00f1o La Leo, ofreci\u00f3 en Casariche un gran recital de arte y sentimiento<\/strong> para conmemorar el <strong>D\u00eda Internacional del Flamenco.<\/strong><\/p>\n<p style=\"text-align: justify;\">La cita fue a partir de las <strong>dos de la tarde en la Tertulia del Cante Jondo<\/strong>, donde un <strong>p\u00fablico totalmente entregado<\/strong> disfrut\u00f3 de su actuaci\u00f3n de\u00a0principio a fin.<\/p>\n<p style=\"text-align: justify;\">Esta actividad forma parte de las atractivas propuestas del programa <strong>Oto\u00f1o Invierno Cultural Casariche 23\/24<\/strong>.<\/p>\n<div id='gallery-1' class='gallery galleryid-58702 gallery-columns-1 gallery-size-full'><figure class='gallery-item'>\n\t\t\t<div class='gallery-icon portrait'>\n\t\t\t\t<a href='http:\/\/www.casariche.es\/?attachment_id=58709'><img loading=\"lazy\" decoding=\"async\" width=\"596\" height=\"1041\" src=\"http:\/\/www.casariche.es\/wp-content\/uploads\/2023\/11\/Imagen4-1.jpg\" class=\"attachment-full size-full\" alt=\"\" srcset=\"http:\/\/www.casariche.es\/wp-content\/uploads\/2023\/11\/Imagen4-1.jpg 596w, http:\/\/www.casariche.es\/wp-content\/uploads\/2023\/11\/Imagen4-1-172x300.jpg 172w, http:\/\/www.casariche.es\/wp-content\/uploads\/2023\/11\/Imagen4-1-586x1024.jpg 586w\" sizes=\"auto, (max-width: 596px) 100vw, 596px\" \/><\/a>\n\t\t\t<\/div><\/figure><figure class='gallery-item'>\n\t\t\t<div class='gallery-icon portrait'>\n\t\t\t\t<a href='http:\/\/www.casariche.es\/?attachment_id=58708'><img loading=\"lazy\" decoding=\"async\" width=\"604\" height=\"985\" src=\"http:\/\/www.casariche.es\/wp-content\/uploads\/2023\/11\/2-2.jpg\" class=\"attachment-full size-full\" alt=\"\" srcset=\"http:\/\/www.casariche.es\/wp-content\/uploads\/2023\/11\/2-2.jpg 604w, http:\/\/www.casariche.es\/wp-content\/uploads\/2023\/11\/2-2-184x300.jpg 184w\" sizes=\"auto, (max-width: 604px) 100vw, 604px\" \/><\/a>\n\t\t\t<\/div><\/figure><figure class='gallery-item'>\n\t\t\t<div class='gallery-icon portrait'>\n\t\t\t\t<a href='http:\/\/www.casariche.es\/?attachment_id=58707'><img loading=\"lazy\" decoding=\"async\" width=\"590\" height=\"984\" src=\"http:\/\/www.casariche.es\/wp-content\/uploads\/2023\/11\/1-1.jpg\" class=\"attachment-full size-full\" alt=\"\" srcset=\"http:\/\/www.casariche.es\/wp-content\/uploads\/2023\/11\/1-1.jpg 590w, http:\/\/www.casariche.es\/wp-content\/uploads\/2023\/11\/1-1-180x300.jpg 180w\" sizes=\"auto, (max-width: 590px) 100vw, 590px\" \/><\/a>\n\t\t\t<\/div><\/figure><figure class='gallery-item'>\n\t\t\t<div class='gallery-icon portrait'>\n\t\t\t\t<a href='http:\/\/www.casariche.es\/?attachment_id=58710'><img loading=\"lazy\" decoding=\"async\" width=\"596\" height=\"977\" src=\"http:\/\/www.casariche.es\/wp-content\/uploads\/2023\/11\/Imagen5-1.jpg\" class=\"attachment-full size-full\" alt=\"\" srcset=\"http:\/\/www.casariche.es\/wp-content\/uploads\/2023\/11\/Imagen5-1.jpg 596w, http:\/\/www.casariche.es\/wp-content\/uploads\/2023\/11\/Imagen5-1-183x300.jpg 183w\" sizes=\"auto, (max-width: 596px) 100vw, 596px\" \/><\/a>\n\t\t\t<\/div><\/figure>\n\t\t<\/div>\n\n","protected":false},"excerpt":{"rendered":"<p>La cantaora gaditana Nazaret Cala, acompa\u00f1ada a la guitarra por Joaqu\u00edn Linera Cort\u00e9s, Ni\u00f1o La Leo, ofreci\u00f3 en Casariche un gran recital de arte y<\/p>\n","protected":false},"author":2,"featured_media":58707,"comment_status":"closed","ping_status":"closed","sticky":false,"template":"","format":"standard","meta":{"footnotes":""},"categories":[7,1],"tags":[4783,1310,64,675,1007,4302,1231,1057],"class_list":["post-58702","post","type-post","status-publish","format-standard","has-post-thumbnail","hentry","category-cultura","category-sin-categoria","tag-cala","tag-cante-jondo","tag-cultural","tag-flamenco","tag-invierno","tag-nazaret","tag-otono","tag-tertulia"],"_links":{"self":[{"href":"http:\/\/www.casariche.es\/index.php?rest_route=\/wp\/v2\/posts\/58702","targetHints":{"allow":["GET"]}}],"collection":[{"href":"http:\/\/www.casariche.es\/index.php?rest_route=\/wp\/v2\/posts"}],"about":[{"href":"http:\/\/www.casariche.es\/index.php?rest_route=\/wp\/v2\/types\/post"}],"author":[{"embeddable":true,"href":"http:\/\/www.casariche.es\/index.php?rest_route=\/wp\/v2\/users\/2"}],"replies":[{"embeddable":true,"href":"http:\/\/www.casariche.es\/index.php?rest_route=%2Fwp%2Fv2%2Fcomments&post=58702"}],"version-history":[{"count":2,"href":"http:\/\/www.casariche.es\/index.php?rest_route=\/wp\/v2\/posts\/58702\/revisions"}],"predecessor-version":[{"id":58711,"href":"http:\/\/www.casariche.es\/index.php?rest_route=\/wp\/v2\/posts\/58702\/revisions\/58711"}],"wp:featuredmedia":[{"embeddable":true,"href":"http:\/\/www.casariche.es\/index.php?rest_route=\/wp\/v2\/media\/58707"}],"wp:attachment":[{"href":"http:\/\/www.casariche.es\/index.php?rest_route=%2Fwp%2Fv2%2Fmedia&parent=58702"}],"wp:term":[{"taxonomy":"category","embeddable":true,"href":"http:\/\/www.casariche.es\/index.php?rest_route=%2Fwp%2Fv2%2Fcategories&post=58702"},{"taxonomy":"post_tag","embeddable":true,"href":"http:\/\/www.casariche.es\/index.php?rest_route=%2Fwp%2Fv2%2Ftags&post=58702"}],"curies":[{"name":"wp","href":"https:\/\/api.w.org\/{rel}","templated":true}]}}