{"id":58603,"date":"2023-11-17T10:00:59","date_gmt":"2023-11-17T09:00:59","guid":{"rendered":"https:\/\/www.casariche.es\/?p=58603"},"modified":"2023-11-16T19:10:22","modified_gmt":"2023-11-16T18:10:22","slug":"te-apuntas-a-la-1a-carrera-marcha-casariche-contra-la-violencia-de-genero","status":"publish","type":"post","link":"http:\/\/www.casariche.es\/?p=58603","title":{"rendered":"\u00bfTe apuntas a la 1\u00aa Carrera &#8211; MARCHA Casariche contra la Violencia de G\u00e9nero?"},"content":{"rendered":"<p style=\"text-align: justify;\">El pr\u00f3ximo <strong>25 de noviembre celebramos en Casariche la 1\u00aa Carrera &#8211; MARCHA Casariche contra la Violencia de G\u00e9nero<\/strong>, que <strong>saldr\u00e1 a las 09:30 h de la Plaza Alcalde Jos\u00e9 Ram\u00f3n Parrado Cano y concluir\u00e1 a las 10:30 h en el mismo lugar<\/strong>. Se puede consultar el recorrido de la misma en el cartel informativo que acompa\u00f1a a esta noticia.<\/p>\n<p style=\"text-align: justify;\">Al finalizar la misma, se proceder\u00e1 a dar <strong>lectura al manifiesto conmemorativo, a cargo de Sandra G\u00f3mez Parrado<\/strong>, Concejala de Igualdad, Diversidad y Mujer, y <strong>despu\u00e9s se celebrar\u00e1 un desayuno de convivencia por los buenos tratos por parte de la Asociaci\u00f3n de Mujeres &#8216;Sirena&#8217; y el Ayuntamiento<\/strong>.<\/p>\n<p style=\"text-align: justify;\">Este es el <strong>acto central de la Campa\u00f1a 25N de este a\u00f1o<\/strong>, que est\u00e1 organizada por el Ayuntamiento de Casariche (\u00c1rea de Igualdad), la Delegaci\u00f3n de Deportes y la Asociaci\u00f3n de Mujeres Sirena, cuenta con la colaboraci\u00f3n de la Diputaci\u00f3n de Sevilla y est\u00e1 financiada con cargo a los fondos recibidos del Ministerio de Igualdad, Secretaria de Estado de Igualdad y contra la Violencia de G\u00e9nero. Pacto de Estado contra la Violencia de G\u00e9nero 2023.<\/p>\n<p style=\"text-align: justify;\">\u00a1Os esperamos!<\/p>\n<p><img loading=\"lazy\" decoding=\"async\" class=\"aligncenter size-full wp-image-58605\" src=\"http:\/\/www.casariche.es\/wp-content\/uploads\/2023\/11\/CARTEL-JPG-MARCHA-25-N-23.jpg\" alt=\"\" width=\"1587\" height=\"2245\" srcset=\"http:\/\/www.casariche.es\/wp-content\/uploads\/2023\/11\/CARTEL-JPG-MARCHA-25-N-23.jpg 1587w, http:\/\/www.casariche.es\/wp-content\/uploads\/2023\/11\/CARTEL-JPG-MARCHA-25-N-23-212x300.jpg 212w, http:\/\/www.casariche.es\/wp-content\/uploads\/2023\/11\/CARTEL-JPG-MARCHA-25-N-23-724x1024.jpg 724w, http:\/\/www.casariche.es\/wp-content\/uploads\/2023\/11\/CARTEL-JPG-MARCHA-25-N-23-768x1086.jpg 768w, http:\/\/www.casariche.es\/wp-content\/uploads\/2023\/11\/CARTEL-JPG-MARCHA-25-N-23-1086x1536.jpg 1086w, http:\/\/www.casariche.es\/wp-content\/uploads\/2023\/11\/CARTEL-JPG-MARCHA-25-N-23-1448x2048.jpg 1448w\" sizes=\"auto, (max-width: 1587px) 100vw, 1587px\" \/><\/p>\n","protected":false},"excerpt":{"rendered":"<p>El pr\u00f3ximo 25 de noviembre celebramos en Casariche la 1\u00aa Carrera &#8211; MARCHA Casariche contra la Violencia de G\u00e9nero, que saldr\u00e1 a las 09:30 h<\/p>\n","protected":false},"author":2,"featured_media":58605,"comment_status":"closed","ping_status":"closed","sticky":false,"template":"","format":"standard","meta":{"footnotes":""},"categories":[8,1,6],"tags":[120,228,253,227],"class_list":["post-58603","post","type-post","status-publish","format-standard","has-post-thumbnail","hentry","category-deportes","category-sin-categoria","category-bienestar-social","tag-carrera","tag-genero","tag-marcha","tag-violencia"],"_links":{"self":[{"href":"http:\/\/www.casariche.es\/index.php?rest_route=\/wp\/v2\/posts\/58603","targetHints":{"allow":["GET"]}}],"collection":[{"href":"http:\/\/www.casariche.es\/index.php?rest_route=\/wp\/v2\/posts"}],"about":[{"href":"http:\/\/www.casariche.es\/index.php?rest_route=\/wp\/v2\/types\/post"}],"author":[{"embeddable":true,"href":"http:\/\/www.casariche.es\/index.php?rest_route=\/wp\/v2\/users\/2"}],"replies":[{"embeddable":true,"href":"http:\/\/www.casariche.es\/index.php?rest_route=%2Fwp%2Fv2%2Fcomments&post=58603"}],"version-history":[{"count":2,"href":"http:\/\/www.casariche.es\/index.php?rest_route=\/wp\/v2\/posts\/58603\/revisions"}],"predecessor-version":[{"id":58606,"href":"http:\/\/www.casariche.es\/index.php?rest_route=\/wp\/v2\/posts\/58603\/revisions\/58606"}],"wp:featuredmedia":[{"embeddable":true,"href":"http:\/\/www.casariche.es\/index.php?rest_route=\/wp\/v2\/media\/58605"}],"wp:attachment":[{"href":"http:\/\/www.casariche.es\/index.php?rest_route=%2Fwp%2Fv2%2Fmedia&parent=58603"}],"wp:term":[{"taxonomy":"category","embeddable":true,"href":"http:\/\/www.casariche.es\/index.php?rest_route=%2Fwp%2Fv2%2Fcategories&post=58603"},{"taxonomy":"post_tag","embeddable":true,"href":"http:\/\/www.casariche.es\/index.php?rest_route=%2Fwp%2Fv2%2Ftags&post=58603"}],"curies":[{"name":"wp","href":"https:\/\/api.w.org\/{rel}","templated":true}]}}