{"id":58570,"date":"2023-11-16T09:00:54","date_gmt":"2023-11-16T08:00:54","guid":{"rendered":"https:\/\/www.casariche.es\/?p=58570"},"modified":"2023-11-15T17:12:01","modified_gmt":"2023-11-15T16:12:01","slug":"ya-puedes-inscribirte-en-la-xv-feria-de-productos-locales-sabores-de-navidad","status":"publish","type":"post","link":"http:\/\/www.casariche.es\/?p=58570","title":{"rendered":"Ya puedes inscribirte en la XV Feria de Productos Locales &#8216;Sabores de Navidad&#8217;"},"content":{"rendered":"<p style=\"text-align: justify;\">El Ayuntamiento informa que <strong>hasta el pr\u00f3ximo lunes 20 de noviembre estar\u00e1\u00a0 abierto el plazo de inscripci\u00f3n para participar como expositor en la XV Feria de Productos Locales &#8216;Sabores de Navidad&#8217;<\/strong>.<\/p>\n<p style=\"text-align: justify;\"><strong>Esta feria se celebrar\u00e1 en dos turnos, el primero, los d\u00edas 2 y 3 de diciembre de 2023, y el segundo, los d\u00edas 16 y 17 de diciembre 2023<\/strong> en el Patio de la Diputaci\u00f3n de Sevilla.<\/p>\n<p style=\"text-align: justify;\">Todas aquellas <strong>empresas de nuestro municipio interesadas en participar como expositores en la misma pueden ampliar la informaci\u00f3n<\/strong> sobre esta muestra, contactando con <strong>Prodetur, a trav\u00e9s de los tel\u00e9fonos 954.486.800 \/ 690.628.005, en el email: muestraprovincia@prodetur.es o en la p\u00e1gina web www.prodetur.es<\/strong>.<\/p>\n<p><img loading=\"lazy\" decoding=\"async\" class=\"aligncenter size-full wp-image-58576\" src=\"http:\/\/www.casariche.es\/wp-content\/uploads\/2023\/11\/plazo-feria-sabores-provincia.jpg\" alt=\"\" width=\"2000\" height=\"1414\" srcset=\"http:\/\/www.casariche.es\/wp-content\/uploads\/2023\/11\/plazo-feria-sabores-provincia.jpg 2000w, http:\/\/www.casariche.es\/wp-content\/uploads\/2023\/11\/plazo-feria-sabores-provincia-300x212.jpg 300w, http:\/\/www.casariche.es\/wp-content\/uploads\/2023\/11\/plazo-feria-sabores-provincia-1024x724.jpg 1024w, http:\/\/www.casariche.es\/wp-content\/uploads\/2023\/11\/plazo-feria-sabores-provincia-768x543.jpg 768w, http:\/\/www.casariche.es\/wp-content\/uploads\/2023\/11\/plazo-feria-sabores-provincia-1536x1086.jpg 1536w\" sizes=\"auto, (max-width: 2000px) 100vw, 2000px\" \/><\/p>\n<p>&nbsp;<\/p>\n<p>&nbsp;<\/p>\n","protected":false},"excerpt":{"rendered":"<p>El Ayuntamiento informa que hasta el pr\u00f3ximo lunes 20 de noviembre estar\u00e1\u00a0 abierto el plazo de inscripci\u00f3n para participar como expositor en la XV Feria<\/p>\n","protected":false},"author":2,"featured_media":58576,"comment_status":"closed","ping_status":"closed","sticky":false,"template":"","format":"standard","meta":{"footnotes":""},"categories":[1],"tags":[4769,659,1405],"class_list":["post-58570","post","type-post","status-publish","format-standard","has-post-thumbnail","hentry","category-sin-categoria","tag-expositor","tag-inscripcion","tag-plazo"],"_links":{"self":[{"href":"http:\/\/www.casariche.es\/index.php?rest_route=\/wp\/v2\/posts\/58570","targetHints":{"allow":["GET"]}}],"collection":[{"href":"http:\/\/www.casariche.es\/index.php?rest_route=\/wp\/v2\/posts"}],"about":[{"href":"http:\/\/www.casariche.es\/index.php?rest_route=\/wp\/v2\/types\/post"}],"author":[{"embeddable":true,"href":"http:\/\/www.casariche.es\/index.php?rest_route=\/wp\/v2\/users\/2"}],"replies":[{"embeddable":true,"href":"http:\/\/www.casariche.es\/index.php?rest_route=%2Fwp%2Fv2%2Fcomments&post=58570"}],"version-history":[{"count":6,"href":"http:\/\/www.casariche.es\/index.php?rest_route=\/wp\/v2\/posts\/58570\/revisions"}],"predecessor-version":[{"id":58579,"href":"http:\/\/www.casariche.es\/index.php?rest_route=\/wp\/v2\/posts\/58570\/revisions\/58579"}],"wp:featuredmedia":[{"embeddable":true,"href":"http:\/\/www.casariche.es\/index.php?rest_route=\/wp\/v2\/media\/58576"}],"wp:attachment":[{"href":"http:\/\/www.casariche.es\/index.php?rest_route=%2Fwp%2Fv2%2Fmedia&parent=58570"}],"wp:term":[{"taxonomy":"category","embeddable":true,"href":"http:\/\/www.casariche.es\/index.php?rest_route=%2Fwp%2Fv2%2Fcategories&post=58570"},{"taxonomy":"post_tag","embeddable":true,"href":"http:\/\/www.casariche.es\/index.php?rest_route=%2Fwp%2Fv2%2Ftags&post=58570"}],"curies":[{"name":"wp","href":"https:\/\/api.w.org\/{rel}","templated":true}]}}