{"id":58555,"date":"2023-11-15T14:30:20","date_gmt":"2023-11-15T13:30:20","guid":{"rendered":"https:\/\/www.casariche.es\/?p=58555"},"modified":"2023-11-15T13:52:39","modified_gmt":"2023-11-15T12:52:39","slug":"inaugurado-oficialmente-el-curso-escolar-2023-24-del-aula-abierta-de-mayores-de-la-upo-en-casariche","status":"publish","type":"post","link":"http:\/\/www.casariche.es\/?p=58555","title":{"rendered":"Inaugurado oficialmente el curso escolar 2023-24 del Aula Abierta de Mayores de la UPO en Casariche"},"content":{"rendered":"<p style=\"text-align: justify;\">Nuestro Teatro Municipal acogi\u00f3 ayer martes, a partir de las 18:00 h, el <strong>acto de inauguraci\u00f3n oficial del curso escolar 2023-2024 del Aula Abierta de Mayores de la Universidad Pablo de Olavide en Casariche<\/strong>.<\/p>\n<p style=\"text-align: justify;\">El acto estuvo <strong>conducido por la Concejala Blanca Moriana y el Coordinador del Aula Abierta de Mayores en Casariche, Javier Quesada<\/strong>, y durante el mismo se inform\u00f3 al sobre la programaci\u00f3n de actividades de cara al primer trimestre del curso escolar.<\/p>\n<p style=\"text-align: justify;\">La tarde se complement\u00f3 con una <strong>interesante conferencia que abord\u00f3 el \u2018Uso responsable de los medicamentos en la edad adulta\u2019 y fue impartida por Manuel Carnerero Parrado<\/strong>, de la Farmacia L\u00f3pez Vico de nuestra localidad<\/p>\n<p style=\"text-align: justify;\"><strong>Este curso que comienza ahora estar\u00e1 en marcha hasta Junio de 2024<\/strong> y las clases se impartir\u00e1n en el <strong>Aula de Formaci\u00f3n<\/strong> (situada en la planta baja del Centro Guadalinfo) <strong>los martes y jueves, de 17:00 h a 19:00 h<\/strong>, participando en ellas docentes tanto universitarios como locales y docentes de entidades colaboradoras.<\/p>\n<p style=\"text-align: justify;\">Cabe recordar que el<strong> Aula Abierta de Mayores est\u00e1 dirigida a personas con 50 a\u00f1os o m\u00e1s<\/strong>, y <strong>contempla, junto con las clases, la realizaci\u00f3n de un amplio programa de actividades l\u00fadico-culturales<\/strong>, orientadas a la formaci\u00f3n y el aprendizaje del alumnado.<\/p>\n<p><img loading=\"lazy\" decoding=\"async\" class=\"aligncenter size-full wp-image-58565\" src=\"http:\/\/www.casariche.es\/wp-content\/uploads\/2023\/11\/WhatsApp-Image-2023-11-15-at-11.02.57.jpeg\" alt=\"\" width=\"2000\" height=\"900\" srcset=\"http:\/\/www.casariche.es\/wp-content\/uploads\/2023\/11\/WhatsApp-Image-2023-11-15-at-11.02.57.jpeg 2000w, http:\/\/www.casariche.es\/wp-content\/uploads\/2023\/11\/WhatsApp-Image-2023-11-15-at-11.02.57-300x135.jpeg 300w, http:\/\/www.casariche.es\/wp-content\/uploads\/2023\/11\/WhatsApp-Image-2023-11-15-at-11.02.57-1024x461.jpeg 1024w, http:\/\/www.casariche.es\/wp-content\/uploads\/2023\/11\/WhatsApp-Image-2023-11-15-at-11.02.57-768x346.jpeg 768w, http:\/\/www.casariche.es\/wp-content\/uploads\/2023\/11\/WhatsApp-Image-2023-11-15-at-11.02.57-1536x691.jpeg 1536w\" sizes=\"auto, (max-width: 2000px) 100vw, 2000px\" \/><\/p>\n<p><img loading=\"lazy\" decoding=\"async\" class=\"aligncenter size-full wp-image-58566\" src=\"http:\/\/www.casariche.es\/wp-content\/uploads\/2023\/11\/WhatsApp-Image-2023-11-15-at-13.14.08.jpeg\" alt=\"\" width=\"2048\" height=\"1536\" srcset=\"http:\/\/www.casariche.es\/wp-content\/uploads\/2023\/11\/WhatsApp-Image-2023-11-15-at-13.14.08.jpeg 2048w, http:\/\/www.casariche.es\/wp-content\/uploads\/2023\/11\/WhatsApp-Image-2023-11-15-at-13.14.08-300x225.jpeg 300w, http:\/\/www.casariche.es\/wp-content\/uploads\/2023\/11\/WhatsApp-Image-2023-11-15-at-13.14.08-1024x768.jpeg 1024w, http:\/\/www.casariche.es\/wp-content\/uploads\/2023\/11\/WhatsApp-Image-2023-11-15-at-13.14.08-768x576.jpeg 768w, http:\/\/www.casariche.es\/wp-content\/uploads\/2023\/11\/WhatsApp-Image-2023-11-15-at-13.14.08-1536x1152.jpeg 1536w, http:\/\/www.casariche.es\/wp-content\/uploads\/2023\/11\/WhatsApp-Image-2023-11-15-at-13.14.08-100x75.jpeg 100w\" sizes=\"auto, (max-width: 2048px) 100vw, 2048px\" \/><\/p>\n<p style=\"text-align: justify;\">\n","protected":false},"excerpt":{"rendered":"<p>Nuestro Teatro Municipal acogi\u00f3 ayer martes, a partir de las 18:00 h, el acto de inauguraci\u00f3n oficial del curso escolar 2023-2024 del Aula Abierta de<\/p>\n","protected":false},"author":2,"featured_media":58566,"comment_status":"closed","ping_status":"closed","sticky":false,"template":"","format":"standard","meta":{"footnotes":""},"categories":[9,1],"tags":[1197,766,27],"class_list":["post-58555","post","type-post","status-publish","format-standard","has-post-thumbnail","hentry","category-educacion","category-sin-categoria","tag-abierta","tag-aula","tag-mayores"],"_links":{"self":[{"href":"http:\/\/www.casariche.es\/index.php?rest_route=\/wp\/v2\/posts\/58555","targetHints":{"allow":["GET"]}}],"collection":[{"href":"http:\/\/www.casariche.es\/index.php?rest_route=\/wp\/v2\/posts"}],"about":[{"href":"http:\/\/www.casariche.es\/index.php?rest_route=\/wp\/v2\/types\/post"}],"author":[{"embeddable":true,"href":"http:\/\/www.casariche.es\/index.php?rest_route=\/wp\/v2\/users\/2"}],"replies":[{"embeddable":true,"href":"http:\/\/www.casariche.es\/index.php?rest_route=%2Fwp%2Fv2%2Fcomments&post=58555"}],"version-history":[{"count":5,"href":"http:\/\/www.casariche.es\/index.php?rest_route=\/wp\/v2\/posts\/58555\/revisions"}],"predecessor-version":[{"id":58568,"href":"http:\/\/www.casariche.es\/index.php?rest_route=\/wp\/v2\/posts\/58555\/revisions\/58568"}],"wp:featuredmedia":[{"embeddable":true,"href":"http:\/\/www.casariche.es\/index.php?rest_route=\/wp\/v2\/media\/58566"}],"wp:attachment":[{"href":"http:\/\/www.casariche.es\/index.php?rest_route=%2Fwp%2Fv2%2Fmedia&parent=58555"}],"wp:term":[{"taxonomy":"category","embeddable":true,"href":"http:\/\/www.casariche.es\/index.php?rest_route=%2Fwp%2Fv2%2Fcategories&post=58555"},{"taxonomy":"post_tag","embeddable":true,"href":"http:\/\/www.casariche.es\/index.php?rest_route=%2Fwp%2Fv2%2Ftags&post=58555"}],"curies":[{"name":"wp","href":"https:\/\/api.w.org\/{rel}","templated":true}]}}