{"id":58505,"date":"2023-11-15T09:00:00","date_gmt":"2023-11-15T08:00:00","guid":{"rendered":"https:\/\/www.casariche.es\/?p=58505"},"modified":"2023-11-14T17:29:26","modified_gmt":"2023-11-14T16:29:26","slug":"la-tertulia-del-cante-jondo-acoge-el-domingo-19-de-noviembre-un-recital-de-nazaret-cala-para-conmemorar-el-dia-internacional-del-flamenco","status":"publish","type":"post","link":"http:\/\/www.casariche.es\/?p=58505","title":{"rendered":"La Tertulia del Cante Jondo acoge el domingo 19 de noviembre un recital de Nazaret Cala para conmemorar el D\u00eda Internacional del Flamenco"},"content":{"rendered":"<p style=\"text-align: justify;\">El 16 de noviembre se conmemora el <strong>D\u00eda Internacional del Flamenco<\/strong>, fecha que trata de recordar el d\u00eda exacto en que la UNESCO reconoci\u00f3 a esta manifestaci\u00f3n de la cultura andaluza como patrimonio inmaterial de la humanidad.<\/p>\n<p style=\"text-align: justify;\"><strong>Para celebrarlo, hemos organizado un recital de flamenco, a cargo de Nazaret Cala, al cante, y Ni\u00f1o la Leo, al toque, que se llevar\u00e1 a cabo el pr\u00f3ximo domingo d\u00eda 19 de noviembre, a las 14:00 h, en la Tertulia del Cante Jondo<\/strong> &#8216;Manuel Herrera Rodas&#8217; de nuestra localidad.<\/p>\n<p style=\"text-align: justify;\">Esta actividad se enmarca en el programa <strong>Oto\u00f1o Invierno Cultural Casariche 23\/24<\/strong>.<\/p>\n<p style=\"text-align: justify;\">\u00a1Os esperamos!<\/p>\n<p><iframe loading=\"lazy\" title=\"NAZARET CALA EN ALL FLAMENCO\" width=\"750\" height=\"422\" src=\"https:\/\/www.youtube.com\/embed\/gEyRg21ON-E?feature=oembed\" frameborder=\"0\" allow=\"accelerometer; autoplay; clipboard-write; encrypted-media; gyroscope; picture-in-picture; web-share\" allowfullscreen><\/iframe><\/p>\n<p style=\"text-align: justify;\"><img loading=\"lazy\" decoding=\"async\" class=\"aligncenter size-full wp-image-58506\" src=\"http:\/\/www.casariche.es\/wp-content\/uploads\/2023\/11\/Cartel-10-Nazaret-Cala.jpg\" alt=\"\" width=\"842\" height=\"1191\" srcset=\"http:\/\/www.casariche.es\/wp-content\/uploads\/2023\/11\/Cartel-10-Nazaret-Cala.jpg 842w, http:\/\/www.casariche.es\/wp-content\/uploads\/2023\/11\/Cartel-10-Nazaret-Cala-212x300.jpg 212w, http:\/\/www.casariche.es\/wp-content\/uploads\/2023\/11\/Cartel-10-Nazaret-Cala-724x1024.jpg 724w, http:\/\/www.casariche.es\/wp-content\/uploads\/2023\/11\/Cartel-10-Nazaret-Cala-768x1086.jpg 768w\" sizes=\"auto, (max-width: 842px) 100vw, 842px\" \/><\/p>\n","protected":false},"excerpt":{"rendered":"<p>El 16 de noviembre se conmemora el D\u00eda Internacional del Flamenco, fecha que trata de recordar el d\u00eda exacto en que la UNESCO reconoci\u00f3 a<\/p>\n","protected":false},"author":2,"featured_media":58506,"comment_status":"closed","ping_status":"closed","sticky":false,"template":"","format":"standard","meta":{"footnotes":""},"categories":[7,1],"tags":[675,4457,414],"class_list":["post-58505","post","type-post","status-publish","format-standard","has-post-thumbnail","hentry","category-cultura","category-sin-categoria","tag-flamenco","tag-nazaret-cala","tag-recital"],"_links":{"self":[{"href":"http:\/\/www.casariche.es\/index.php?rest_route=\/wp\/v2\/posts\/58505","targetHints":{"allow":["GET"]}}],"collection":[{"href":"http:\/\/www.casariche.es\/index.php?rest_route=\/wp\/v2\/posts"}],"about":[{"href":"http:\/\/www.casariche.es\/index.php?rest_route=\/wp\/v2\/types\/post"}],"author":[{"embeddable":true,"href":"http:\/\/www.casariche.es\/index.php?rest_route=\/wp\/v2\/users\/2"}],"replies":[{"embeddable":true,"href":"http:\/\/www.casariche.es\/index.php?rest_route=%2Fwp%2Fv2%2Fcomments&post=58505"}],"version-history":[{"count":3,"href":"http:\/\/www.casariche.es\/index.php?rest_route=\/wp\/v2\/posts\/58505\/revisions"}],"predecessor-version":[{"id":58509,"href":"http:\/\/www.casariche.es\/index.php?rest_route=\/wp\/v2\/posts\/58505\/revisions\/58509"}],"wp:featuredmedia":[{"embeddable":true,"href":"http:\/\/www.casariche.es\/index.php?rest_route=\/wp\/v2\/media\/58506"}],"wp:attachment":[{"href":"http:\/\/www.casariche.es\/index.php?rest_route=%2Fwp%2Fv2%2Fmedia&parent=58505"}],"wp:term":[{"taxonomy":"category","embeddable":true,"href":"http:\/\/www.casariche.es\/index.php?rest_route=%2Fwp%2Fv2%2Fcategories&post=58505"},{"taxonomy":"post_tag","embeddable":true,"href":"http:\/\/www.casariche.es\/index.php?rest_route=%2Fwp%2Fv2%2Ftags&post=58505"}],"curies":[{"name":"wp","href":"https:\/\/api.w.org\/{rel}","templated":true}]}}