{"id":56566,"date":"2023-08-31T16:30:12","date_gmt":"2023-08-31T14:30:12","guid":{"rendered":"https:\/\/www.casariche.es\/?p=56566"},"modified":"2023-08-31T15:49:41","modified_gmt":"2023-08-31T13:49:41","slug":"la-biblioteca-municipal-marcos-ana-retoma-su-horario-de-apertura-de-manana-y-tarde-a-partir-del-lunes-4-de-septiembre","status":"publish","type":"post","link":"http:\/\/www.casariche.es\/?p=56566","title":{"rendered":"La Biblioteca Municipal \u00abMarcos Ana\u00bb retoma su horario de apertura de ma\u00f1ana y tarde a partir del lunes 4 de septiembre"},"content":{"rendered":"<p style=\"text-align: justify;\">Septiembre ya est\u00e1 aqu\u00ed y, con la llegada de este nuevo mes, nuestra Biblioteca Municipal \u00abMarcos Ana\u00bb retoma nuevamente su horario de apertura habitual de ma\u00f1ana y tarde.<\/p>\n<p style=\"text-align: justify;\">Por lo tanto, a partir del pr\u00f3ximo <strong>lunes 4 de septiembre<\/strong> las instalaciones de la biblioteca estar\u00e1n abiertas <strong>de lunes a viernes de 11:00h de la ma\u00f1ana a 13:00h del mediod\u00eda y desde las 16:00h hasta las 19:00h en horario de tarde<\/strong>.<\/p>\n<p style=\"text-align: justify;\">Muchas gracias.<\/p>\n<p><img loading=\"lazy\" decoding=\"async\" class=\"aligncenter size-full wp-image-56567\" src=\"http:\/\/www.casariche.es\/wp-content\/uploads\/2023\/08\/Almuerzo-Libros-Profesor-Agradecimiento-Invitacion.jpg\" alt=\"\" width=\"1654\" height=\"1654\" srcset=\"http:\/\/www.casariche.es\/wp-content\/uploads\/2023\/08\/Almuerzo-Libros-Profesor-Agradecimiento-Invitacion.jpg 1654w, http:\/\/www.casariche.es\/wp-content\/uploads\/2023\/08\/Almuerzo-Libros-Profesor-Agradecimiento-Invitacion-300x300.jpg 300w, http:\/\/www.casariche.es\/wp-content\/uploads\/2023\/08\/Almuerzo-Libros-Profesor-Agradecimiento-Invitacion-1024x1024.jpg 1024w, http:\/\/www.casariche.es\/wp-content\/uploads\/2023\/08\/Almuerzo-Libros-Profesor-Agradecimiento-Invitacion-150x150.jpg 150w, http:\/\/www.casariche.es\/wp-content\/uploads\/2023\/08\/Almuerzo-Libros-Profesor-Agradecimiento-Invitacion-768x768.jpg 768w, http:\/\/www.casariche.es\/wp-content\/uploads\/2023\/08\/Almuerzo-Libros-Profesor-Agradecimiento-Invitacion-1536x1536.jpg 1536w\" sizes=\"auto, (max-width: 1654px) 100vw, 1654px\" \/><\/p>\n","protected":false},"excerpt":{"rendered":"<p>Septiembre ya est\u00e1 aqu\u00ed y, con la llegada de este nuevo mes, nuestra Biblioteca Municipal \u00abMarcos Ana\u00bb retoma nuevamente su horario de apertura habitual de<\/p>\n","protected":false},"author":2,"featured_media":56567,"comment_status":"closed","ping_status":"closed","sticky":false,"template":"","format":"standard","meta":{"footnotes":""},"categories":[7,1],"tags":[],"class_list":["post-56566","post","type-post","status-publish","format-standard","has-post-thumbnail","hentry","category-cultura","category-sin-categoria"],"_links":{"self":[{"href":"http:\/\/www.casariche.es\/index.php?rest_route=\/wp\/v2\/posts\/56566","targetHints":{"allow":["GET"]}}],"collection":[{"href":"http:\/\/www.casariche.es\/index.php?rest_route=\/wp\/v2\/posts"}],"about":[{"href":"http:\/\/www.casariche.es\/index.php?rest_route=\/wp\/v2\/types\/post"}],"author":[{"embeddable":true,"href":"http:\/\/www.casariche.es\/index.php?rest_route=\/wp\/v2\/users\/2"}],"replies":[{"embeddable":true,"href":"http:\/\/www.casariche.es\/index.php?rest_route=%2Fwp%2Fv2%2Fcomments&post=56566"}],"version-history":[{"count":3,"href":"http:\/\/www.casariche.es\/index.php?rest_route=\/wp\/v2\/posts\/56566\/revisions"}],"predecessor-version":[{"id":56570,"href":"http:\/\/www.casariche.es\/index.php?rest_route=\/wp\/v2\/posts\/56566\/revisions\/56570"}],"wp:featuredmedia":[{"embeddable":true,"href":"http:\/\/www.casariche.es\/index.php?rest_route=\/wp\/v2\/media\/56567"}],"wp:attachment":[{"href":"http:\/\/www.casariche.es\/index.php?rest_route=%2Fwp%2Fv2%2Fmedia&parent=56566"}],"wp:term":[{"taxonomy":"category","embeddable":true,"href":"http:\/\/www.casariche.es\/index.php?rest_route=%2Fwp%2Fv2%2Fcategories&post=56566"},{"taxonomy":"post_tag","embeddable":true,"href":"http:\/\/www.casariche.es\/index.php?rest_route=%2Fwp%2Fv2%2Ftags&post=56566"}],"curies":[{"name":"wp","href":"https:\/\/api.w.org\/{rel}","templated":true}]}}