{"id":56451,"date":"2023-08-29T12:00:20","date_gmt":"2023-08-29T10:00:20","guid":{"rendered":"https:\/\/www.casariche.es\/?p=56451"},"modified":"2023-08-28T20:01:11","modified_gmt":"2023-08-28T18:01:11","slug":"animate-a-vivir-una-noche-astronomica-una-experiencia-inolvidable-el-proximo-6-de-septiembre-en-el-torcal-de-antequera","status":"publish","type":"post","link":"http:\/\/www.casariche.es\/?p=56451","title":{"rendered":"An\u00edmate a vivir una \u00abnoche astron\u00f3mica\u00bb, una experiencia inolvidable el pr\u00f3ximo 6 de septiembre en el Torcal de Antequera"},"content":{"rendered":"<p style=\"text-align: justify;\">La Delegaci\u00f3n de Juventud pone en marcha una nueva actividad de ocio y tiempo libre. Se trata de una <strong>noche astron\u00f3mica en el Torcal de Antequera acompa\u00f1ada por una peque\u00f1a ruta senderista por este fabuloso Paraje Natural, <\/strong>apta para toda la familia y en la que la naturaleza junto a las estrellas ser\u00e1n las mejores aliadas para que todas las personas que deseen formar parte de esta jornada pasen una velada estival inolvidable.<\/p>\n<p style=\"text-align: justify;\">Dicha actividad estar\u00e1 <strong>dirigida por Aula del Cielo<\/strong>\u00a0y\u00a0<strong>se realizar\u00e1 el mi\u00e9rcoles 6 de septiembre.\u00a0<\/strong>La <strong>salida<\/strong> hacia el Torcal de Antequera est\u00e1 prevista a las <strong>19:00h de la tarde<\/strong> desde el <strong>Parque Juli\u00e1n Besteiro<\/strong> y la <strong>cuota de inscripci\u00f3n es de 12\u20ac<\/strong> <strong>por persona<\/strong>.<\/p>\n<p style=\"text-align: justify;\">Las inscripciones para poder asistir a esta actividad se podr\u00e1n realizar a partir de hoy a trav\u00e9s del Portal de Inscripciones del Ayuntamiento:<strong>\u00a0<\/strong><a href=\"https:\/\/inscripciones.casariche.es\/\">https:\/\/inscripciones.casariche.es<\/a><\/p>\n<p style=\"text-align: justify;\">Del mismo modo, <strong>se recomienda llevar ropa y calzado adecuado para caminar, linterna, comida, agua, ropa de abrigo y silla plegable a ser posible<\/strong>. Adem\u00e1s, <strong>los menores deber\u00e1n ir acompa\u00f1ados de un adulto.<\/strong><\/p>\n<p style=\"text-align: justify;\">Para m\u00e1s informaci\u00f3n al respecto pueden acudir a la <strong>Casa de la Juventud, consultar las redes sociales de la Delegaci\u00f3n de Juventud o llamar al siguiente n\u00famero de tel\u00e9fono: 667543228<\/strong>.<\/p>\n<p><img loading=\"lazy\" decoding=\"async\" class=\"aligncenter size-full wp-image-56452\" src=\"http:\/\/www.casariche.es\/wp-content\/uploads\/2023\/08\/WhatsApp-Image-2023-08-28-at-18.55.03.jpeg\" alt=\"\" width=\"2048\" height=\"1447\" srcset=\"http:\/\/www.casariche.es\/wp-content\/uploads\/2023\/08\/WhatsApp-Image-2023-08-28-at-18.55.03.jpeg 2048w, http:\/\/www.casariche.es\/wp-content\/uploads\/2023\/08\/WhatsApp-Image-2023-08-28-at-18.55.03-300x212.jpeg 300w, http:\/\/www.casariche.es\/wp-content\/uploads\/2023\/08\/WhatsApp-Image-2023-08-28-at-18.55.03-1024x724.jpeg 1024w, http:\/\/www.casariche.es\/wp-content\/uploads\/2023\/08\/WhatsApp-Image-2023-08-28-at-18.55.03-768x543.jpeg 768w, http:\/\/www.casariche.es\/wp-content\/uploads\/2023\/08\/WhatsApp-Image-2023-08-28-at-18.55.03-1536x1085.jpeg 1536w\" sizes=\"auto, (max-width: 2048px) 100vw, 2048px\" \/><\/p>\n<p>&nbsp;<\/p>\n","protected":false},"excerpt":{"rendered":"<p>La Delegaci\u00f3n de Juventud pone en marcha una nueva actividad de ocio y tiempo libre. Se trata de una noche astron\u00f3mica en el Torcal de<\/p>\n","protected":false},"author":2,"featured_media":56452,"comment_status":"closed","ping_status":"closed","sticky":false,"template":"","format":"standard","meta":{"footnotes":""},"categories":[1,22],"tags":[],"class_list":["post-56451","post","type-post","status-publish","format-standard","has-post-thumbnail","hentry","category-sin-categoria","category-juventud"],"_links":{"self":[{"href":"http:\/\/www.casariche.es\/index.php?rest_route=\/wp\/v2\/posts\/56451","targetHints":{"allow":["GET"]}}],"collection":[{"href":"http:\/\/www.casariche.es\/index.php?rest_route=\/wp\/v2\/posts"}],"about":[{"href":"http:\/\/www.casariche.es\/index.php?rest_route=\/wp\/v2\/types\/post"}],"author":[{"embeddable":true,"href":"http:\/\/www.casariche.es\/index.php?rest_route=\/wp\/v2\/users\/2"}],"replies":[{"embeddable":true,"href":"http:\/\/www.casariche.es\/index.php?rest_route=%2Fwp%2Fv2%2Fcomments&post=56451"}],"version-history":[{"count":1,"href":"http:\/\/www.casariche.es\/index.php?rest_route=\/wp\/v2\/posts\/56451\/revisions"}],"predecessor-version":[{"id":56453,"href":"http:\/\/www.casariche.es\/index.php?rest_route=\/wp\/v2\/posts\/56451\/revisions\/56453"}],"wp:featuredmedia":[{"embeddable":true,"href":"http:\/\/www.casariche.es\/index.php?rest_route=\/wp\/v2\/media\/56452"}],"wp:attachment":[{"href":"http:\/\/www.casariche.es\/index.php?rest_route=%2Fwp%2Fv2%2Fmedia&parent=56451"}],"wp:term":[{"taxonomy":"category","embeddable":true,"href":"http:\/\/www.casariche.es\/index.php?rest_route=%2Fwp%2Fv2%2Fcategories&post=56451"},{"taxonomy":"post_tag","embeddable":true,"href":"http:\/\/www.casariche.es\/index.php?rest_route=%2Fwp%2Fv2%2Ftags&post=56451"}],"curies":[{"name":"wp","href":"https:\/\/api.w.org\/{rel}","templated":true}]}}