{"id":56343,"date":"2023-08-25T09:30:36","date_gmt":"2023-08-25T07:30:36","guid":{"rendered":"https:\/\/www.casariche.es\/?p=56343"},"modified":"2023-08-25T09:40:45","modified_gmt":"2023-08-25T07:40:45","slug":"la-asociacion-cultural-maestro-vitito-ofrecera-su-tradicional-concierto-de-verano-el-proximo-1-de-septiembre-en-la-plaza-alcalde-jose-ramon-parrado-cano","status":"publish","type":"post","link":"http:\/\/www.casariche.es\/?p=56343","title":{"rendered":"La Asociaci\u00f3n Cultural \u00abMaestro Vitito\u00bb ofrecer\u00e1 su tradicional concierto de verano el pr\u00f3ximo 1 de septiembre en la Plaza Alcalde Jos\u00e9 Ram\u00f3n Parrado Cano"},"content":{"rendered":"<p style=\"text-align: justify;\">La noche del 1 de septiembre tenemos una cita con la m\u00fasica. Y, es que, como cada a\u00f1o <strong>la Asociaci\u00f3n Cultural \u00abMaestro Vitito\u00bb<\/strong> invita a todos los casariche\u00f1os y casariche\u00f1as a disfrutar de una noche m\u00e1gica gracias a su tradicional concierto de verano.<\/p>\n<p style=\"text-align: justify;\">En esta ocasi\u00f3n, el concierto comenzar\u00e1 <strong>a partir de las 21:30h de la noche en la Plaza Alcalde Jos\u00e9 Ram\u00f3n Parrado Cano. <\/strong>Por lo tanto, esperamos la asistencia de todos los vecinos y vecinas de la localidad, para disfrutar en compa\u00f1\u00eda de esta agrupaci\u00f3n musical, de una gran velada estival.<\/p>\n<p><img loading=\"lazy\" decoding=\"async\" class=\"aligncenter size-full wp-image-56345\" src=\"http:\/\/www.casariche.es\/wp-content\/uploads\/2023\/08\/WhatsApp-Image-2023-08-24-at-11.59.32.jpeg\" alt=\"\" width=\"1131\" height=\"1600\" srcset=\"http:\/\/www.casariche.es\/wp-content\/uploads\/2023\/08\/WhatsApp-Image-2023-08-24-at-11.59.32.jpeg 1131w, http:\/\/www.casariche.es\/wp-content\/uploads\/2023\/08\/WhatsApp-Image-2023-08-24-at-11.59.32-212x300.jpeg 212w, http:\/\/www.casariche.es\/wp-content\/uploads\/2023\/08\/WhatsApp-Image-2023-08-24-at-11.59.32-724x1024.jpeg 724w, http:\/\/www.casariche.es\/wp-content\/uploads\/2023\/08\/WhatsApp-Image-2023-08-24-at-11.59.32-768x1086.jpeg 768w, http:\/\/www.casariche.es\/wp-content\/uploads\/2023\/08\/WhatsApp-Image-2023-08-24-at-11.59.32-1086x1536.jpeg 1086w\" sizes=\"auto, (max-width: 1131px) 100vw, 1131px\" \/><\/p>\n<p>&nbsp;<\/p>\n","protected":false},"excerpt":{"rendered":"<p>La noche del 1 de septiembre tenemos una cita con la m\u00fasica. Y, es que, como cada a\u00f1o la Asociaci\u00f3n Cultural \u00abMaestro Vitito\u00bb invita a<\/p>\n","protected":false},"author":2,"featured_media":56345,"comment_status":"closed","ping_status":"closed","sticky":false,"template":"","format":"standard","meta":{"footnotes":""},"categories":[7,1,22],"tags":[],"class_list":["post-56343","post","type-post","status-publish","format-standard","has-post-thumbnail","hentry","category-cultura","category-sin-categoria","category-juventud"],"_links":{"self":[{"href":"http:\/\/www.casariche.es\/index.php?rest_route=\/wp\/v2\/posts\/56343","targetHints":{"allow":["GET"]}}],"collection":[{"href":"http:\/\/www.casariche.es\/index.php?rest_route=\/wp\/v2\/posts"}],"about":[{"href":"http:\/\/www.casariche.es\/index.php?rest_route=\/wp\/v2\/types\/post"}],"author":[{"embeddable":true,"href":"http:\/\/www.casariche.es\/index.php?rest_route=\/wp\/v2\/users\/2"}],"replies":[{"embeddable":true,"href":"http:\/\/www.casariche.es\/index.php?rest_route=%2Fwp%2Fv2%2Fcomments&post=56343"}],"version-history":[{"count":8,"href":"http:\/\/www.casariche.es\/index.php?rest_route=\/wp\/v2\/posts\/56343\/revisions"}],"predecessor-version":[{"id":56394,"href":"http:\/\/www.casariche.es\/index.php?rest_route=\/wp\/v2\/posts\/56343\/revisions\/56394"}],"wp:featuredmedia":[{"embeddable":true,"href":"http:\/\/www.casariche.es\/index.php?rest_route=\/wp\/v2\/media\/56345"}],"wp:attachment":[{"href":"http:\/\/www.casariche.es\/index.php?rest_route=%2Fwp%2Fv2%2Fmedia&parent=56343"}],"wp:term":[{"taxonomy":"category","embeddable":true,"href":"http:\/\/www.casariche.es\/index.php?rest_route=%2Fwp%2Fv2%2Fcategories&post=56343"},{"taxonomy":"post_tag","embeddable":true,"href":"http:\/\/www.casariche.es\/index.php?rest_route=%2Fwp%2Fv2%2Ftags&post=56343"}],"curies":[{"name":"wp","href":"https:\/\/api.w.org\/{rel}","templated":true}]}}