{"id":56297,"date":"2023-08-21T09:00:21","date_gmt":"2023-08-21T07:00:21","guid":{"rendered":"https:\/\/www.casariche.es\/?p=56297"},"modified":"2023-08-21T13:47:12","modified_gmt":"2023-08-21T11:47:12","slug":"abierto-el-plazo-de-inscripciones-para-el-curso-gestion-contable-y-gestion-administrativa-para-auditoria-para-personas-desempleadas-hasta-el-proximo-18-de-septiembre","status":"publish","type":"post","link":"http:\/\/www.casariche.es\/?p=56297","title":{"rendered":"Abierto el plazo de inscripciones para el curso \u00abGesti\u00f3n Contable y Gesti\u00f3n Administrativa para Auditoria\u00bb para personas desempleadas hasta el pr\u00f3ximo 18 de septiembre"},"content":{"rendered":"<p style=\"text-align: justify;\">Ya est\u00e1 abierto el plazo de inscripciones para el curso de <strong>\u00abGesti\u00f3n Contable y Gesti\u00f3n Administrativa para Auditoria\u00bb (C\u00f3digo: ADGD0108)<\/strong>. Una nueva acci\u00f3n formativa dirigida a <strong>personas desempleadas<\/strong> que las conducir\u00e1 a la <strong>obtenci\u00f3n del certificado de profesionalidad<\/strong>, que se enmarca en la <strong>Formaci\u00f3n Profesional para el Empleo Casariche 2022.\u00a0<\/strong><\/p>\n<p style=\"text-align: justify;\">Este curso consta de un total de <strong>630 horas<\/strong> que se dividir\u00e1n en <strong>550 horas de clases te\u00f3ricas y 80 horas de pr\u00e1cticas<\/strong>. Dicha formaci\u00f3n ser\u00e1 impartida en el <strong>Centro Guadalinfo (Avda. La Libertad), en horario de 09:00h a 14:00h desde el 16 de octubre de 2023 hasta el 4 de abril de 2024<\/strong>. En el siguiente enlace podr\u00e9is ver el calendario del mismo: <a href=\"http:\/\/www.casariche.es\/wp-content\/uploads\/2023\/04\/CALENDARIO-AUDITORIA.pdf\" target=\"_blank\" rel=\"noopener\">Consultar calendario del curso<\/a><\/p>\n<p style=\"text-align: justify;\">Entre las condiciones para poder participar en esta acci\u00f3n formativa est\u00e1 el hecho de estar <strong>desempleado<\/strong> y <strong>cumplir los requisitos de acceso para un certificado de profesionalidad de nivel 3. <\/strong>Estos requisitos podr\u00e1s consultarlos a continuaci\u00f3n (<strong>p\u00e1gina 2 del documento<\/strong>): <a href=\"http:\/\/www.casariche.es\/wp-content\/uploads\/2023\/02\/Requisitos_de_acceso.pdf\" target=\"_blank\" rel=\"noopener\">Consulta este documento<\/a><\/p>\n<p style=\"text-align: justify;\">Por lo tanto, todas aquellas personas que est\u00e9n interesadas en poder participar en esta nueva formaci\u00f3n podr\u00e1n presentar <strong>las solicitudes y documentaci\u00f3n necesaria en la Oficina de Informaci\u00f3n del Ayuntamiento hasta el pr\u00f3ximo 18 de septiembre, dicho d\u00eda inclusive<\/strong>.<\/p>\n<p style=\"text-align: justify;\">En este sentido, <strong>la documentaci\u00f3n<\/strong> a presentar es la siguiente:<\/p>\n<p style=\"text-align: justify;\">\u2013 Solicitud debidamente cumplimentada (<a href=\"http:\/\/www.casariche.es\/wp-content\/uploads\/2023\/04\/Auditoria_Solicitud_participacion_N22_Desempleados.pdf\" target=\"_blank\" rel=\"noopener\">Descargar modelo de solicitud<\/a>).<br \/>\n\u2013 Tarjeta de Demanda de Empleo.<br \/>\n\u2013 DNI<br \/>\n\u2013 Titulaci\u00f3n (mirar requisitos de acceso para nivel 3)<br \/>\n\u2013 Informe de periodos de inscripci\u00f3n (SAE) de los 3 \u00faltimos a\u00f1os. Se obtiene en la gesti\u00f3n de tu demanda, pesta\u00f1a informes, indicar las fechas (36 meses antes de la fecha de la solicitud)<br \/>\n\u2013 Otros documentos acreditativos de pertenecer a un colectivo prioritario (Resoluci\u00f3n de 25 de mayo de 2022)<\/p>\n<p style=\"text-align: justify;\">Tendr\u00e1n <strong>preferencia las personas perceptoras del Ingreso M\u00ednimo Vital o la Renta de Inserci\u00f3n<\/strong> (deber\u00e1 indicarse en la solicitud).<\/p>\n<p style=\"text-align: justify;\">Por otro lado, <strong>las solicitudes que sean presentadas fuera del plazo establecido pasar\u00e1n a la reserva y ser\u00e1n admitidas hasta completar la ratio de 15 alumnos.<\/strong><\/p>\n<p style=\"text-align: justify;\">Asimismo, destacar, que este proyecto est\u00e1\u00a0<strong>financiado\u00a0<\/strong><strong>al 100% por el Ministerio de Educaci\u00f3n y Formaci\u00f3n Profesional y por la Consejer\u00eda de Empleo de la Junta de Andaluc\u00eda y gestionado por el Ayuntamiento de Casariche<\/strong>.<\/p>\n<p style=\"text-align: justify;\">Para m\u00e1s informaci\u00f3n, acude a nuestro Ayuntamiento.<\/p>\n<p><img loading=\"lazy\" decoding=\"async\" class=\"aligncenter size-full wp-image-56306\" src=\"http:\/\/www.casariche.es\/wp-content\/uploads\/2023\/08\/37216723-6b94-4aae-8567-e2103ed51a78.png\" alt=\"\" width=\"2896\" height=\"4096\" srcset=\"http:\/\/www.casariche.es\/wp-content\/uploads\/2023\/08\/37216723-6b94-4aae-8567-e2103ed51a78.png 2896w, http:\/\/www.casariche.es\/wp-content\/uploads\/2023\/08\/37216723-6b94-4aae-8567-e2103ed51a78-212x300.png 212w, http:\/\/www.casariche.es\/wp-content\/uploads\/2023\/08\/37216723-6b94-4aae-8567-e2103ed51a78-724x1024.png 724w, http:\/\/www.casariche.es\/wp-content\/uploads\/2023\/08\/37216723-6b94-4aae-8567-e2103ed51a78-768x1086.png 768w, http:\/\/www.casariche.es\/wp-content\/uploads\/2023\/08\/37216723-6b94-4aae-8567-e2103ed51a78-1086x1536.png 1086w, http:\/\/www.casariche.es\/wp-content\/uploads\/2023\/08\/37216723-6b94-4aae-8567-e2103ed51a78-1448x2048.png 1448w\" sizes=\"auto, (max-width: 2896px) 100vw, 2896px\" \/><\/p>\n<p>&nbsp;<\/p>\n<p>&nbsp;<\/p>\n<p>&nbsp;<\/p>\n","protected":false},"excerpt":{"rendered":"<p>Ya est\u00e1 abierto el plazo de inscripciones para el curso de \u00abGesti\u00f3n Contable y Gesti\u00f3n Administrativa para Auditoria\u00bb (C\u00f3digo: ADGD0108). Una nueva acci\u00f3n formativa dirigida<\/p>\n","protected":false},"author":2,"featured_media":56305,"comment_status":"closed","ping_status":"closed","sticky":false,"template":"","format":"standard","meta":{"footnotes":""},"categories":[4,9,1],"tags":[],"class_list":["post-56297","post","type-post","status-publish","format-standard","has-post-thumbnail","hentry","category-desarrollo","category-educacion","category-sin-categoria"],"_links":{"self":[{"href":"http:\/\/www.casariche.es\/index.php?rest_route=\/wp\/v2\/posts\/56297","targetHints":{"allow":["GET"]}}],"collection":[{"href":"http:\/\/www.casariche.es\/index.php?rest_route=\/wp\/v2\/posts"}],"about":[{"href":"http:\/\/www.casariche.es\/index.php?rest_route=\/wp\/v2\/types\/post"}],"author":[{"embeddable":true,"href":"http:\/\/www.casariche.es\/index.php?rest_route=\/wp\/v2\/users\/2"}],"replies":[{"embeddable":true,"href":"http:\/\/www.casariche.es\/index.php?rest_route=%2Fwp%2Fv2%2Fcomments&post=56297"}],"version-history":[{"count":8,"href":"http:\/\/www.casariche.es\/index.php?rest_route=\/wp\/v2\/posts\/56297\/revisions"}],"predecessor-version":[{"id":56309,"href":"http:\/\/www.casariche.es\/index.php?rest_route=\/wp\/v2\/posts\/56297\/revisions\/56309"}],"wp:featuredmedia":[{"embeddable":true,"href":"http:\/\/www.casariche.es\/index.php?rest_route=\/wp\/v2\/media\/56305"}],"wp:attachment":[{"href":"http:\/\/www.casariche.es\/index.php?rest_route=%2Fwp%2Fv2%2Fmedia&parent=56297"}],"wp:term":[{"taxonomy":"category","embeddable":true,"href":"http:\/\/www.casariche.es\/index.php?rest_route=%2Fwp%2Fv2%2Fcategories&post=56297"},{"taxonomy":"post_tag","embeddable":true,"href":"http:\/\/www.casariche.es\/index.php?rest_route=%2Fwp%2Fv2%2Ftags&post=56297"}],"curies":[{"name":"wp","href":"https:\/\/api.w.org\/{rel}","templated":true}]}}