{"id":56259,"date":"2023-08-14T12:00:06","date_gmt":"2023-08-14T10:00:06","guid":{"rendered":"https:\/\/www.casariche.es\/?p=56259"},"modified":"2023-08-11T19:12:40","modified_gmt":"2023-08-11T17:12:40","slug":"informacion-sobre-el-servicio-de-recogida-de-basura-para-el-puente-del-15-de-agosto","status":"publish","type":"post","link":"http:\/\/www.casariche.es\/?p=56259","title":{"rendered":"Informaci\u00f3n sobre el servicio de recogida de basura para el puente del 15 de agosto"},"content":{"rendered":"<p style=\"text-align: justify;\">La <strong>Delegaci\u00f3n de Servicios Municipales<\/strong> del Ayuntamiento informa que, debido a que el pr\u00f3ximo <strong>martes 15 de agosto es d\u00eda festivo<\/strong> por celebrarse la <strong>Asunci\u00f3n de la Virgen Mar\u00eda<\/strong>, el\u00a0 <strong>horario<\/strong> establecido para el servicio de recogida de basura en las noches del lunes 14 y martes 15 de agosto es el siguiente:<\/p>\n<ul>\n<li style=\"text-align: justify;\"><strong>Noche del lunes 14 de agosto: s\u00ed habr\u00e1 servicio de recogida de basura en su horario habitual.<\/strong><\/li>\n<li style=\"text-align: justify;\"><strong>Noche del martes 15 de agosto: No se realizar\u00e1 el servicio de recogida de basura.\u00a0<\/strong><\/li>\n<\/ul>\n<p style=\"text-align: justify;\">Asimismo, cabe destacar que, <strong>a partir de la noche del mi\u00e9rcoles 16 dicho servicio se retomar\u00e1 nuevamente en su horario habitual.\u00a0<\/strong><\/p>\n<p style=\"text-align: justify;\">De antemano agradecemos la colaboraci\u00f3n de todos los vecinos y vecinas de la localidad.<\/p>\n<p style=\"text-align: justify;\">Muchas gracias.<\/p>\n<p><img loading=\"lazy\" decoding=\"async\" class=\"aligncenter size-full wp-image-56260\" src=\"http:\/\/www.casariche.es\/wp-content\/uploads\/2023\/08\/RECOGIDA-DE-BASURA-15-DE-AGOSTO-.jpg\" alt=\"\" width=\"940\" height=\"788\" srcset=\"http:\/\/www.casariche.es\/wp-content\/uploads\/2023\/08\/RECOGIDA-DE-BASURA-15-DE-AGOSTO-.jpg 940w, http:\/\/www.casariche.es\/wp-content\/uploads\/2023\/08\/RECOGIDA-DE-BASURA-15-DE-AGOSTO--300x251.jpg 300w, http:\/\/www.casariche.es\/wp-content\/uploads\/2023\/08\/RECOGIDA-DE-BASURA-15-DE-AGOSTO--768x644.jpg 768w\" sizes=\"auto, (max-width: 940px) 100vw, 940px\" \/><\/p>\n<p>&nbsp;<\/p>\n","protected":false},"excerpt":{"rendered":"<p>La Delegaci\u00f3n de Servicios Municipales del Ayuntamiento informa que, debido a que el pr\u00f3ximo martes 15 de agosto es d\u00eda festivo por celebrarse la Asunci\u00f3n<\/p>\n","protected":false},"author":2,"featured_media":56260,"comment_status":"closed","ping_status":"closed","sticky":false,"template":"","format":"standard","meta":{"footnotes":""},"categories":[1,20,21],"tags":[],"class_list":["post-56259","post","type-post","status-publish","format-standard","has-post-thumbnail","hentry","category-sin-categoria","category-medio-ambiente","category-servicios-municipales"],"_links":{"self":[{"href":"http:\/\/www.casariche.es\/index.php?rest_route=\/wp\/v2\/posts\/56259","targetHints":{"allow":["GET"]}}],"collection":[{"href":"http:\/\/www.casariche.es\/index.php?rest_route=\/wp\/v2\/posts"}],"about":[{"href":"http:\/\/www.casariche.es\/index.php?rest_route=\/wp\/v2\/types\/post"}],"author":[{"embeddable":true,"href":"http:\/\/www.casariche.es\/index.php?rest_route=\/wp\/v2\/users\/2"}],"replies":[{"embeddable":true,"href":"http:\/\/www.casariche.es\/index.php?rest_route=%2Fwp%2Fv2%2Fcomments&post=56259"}],"version-history":[{"count":5,"href":"http:\/\/www.casariche.es\/index.php?rest_route=\/wp\/v2\/posts\/56259\/revisions"}],"predecessor-version":[{"id":56266,"href":"http:\/\/www.casariche.es\/index.php?rest_route=\/wp\/v2\/posts\/56259\/revisions\/56266"}],"wp:featuredmedia":[{"embeddable":true,"href":"http:\/\/www.casariche.es\/index.php?rest_route=\/wp\/v2\/media\/56260"}],"wp:attachment":[{"href":"http:\/\/www.casariche.es\/index.php?rest_route=%2Fwp%2Fv2%2Fmedia&parent=56259"}],"wp:term":[{"taxonomy":"category","embeddable":true,"href":"http:\/\/www.casariche.es\/index.php?rest_route=%2Fwp%2Fv2%2Fcategories&post=56259"},{"taxonomy":"post_tag","embeddable":true,"href":"http:\/\/www.casariche.es\/index.php?rest_route=%2Fwp%2Fv2%2Ftags&post=56259"}],"curies":[{"name":"wp","href":"https:\/\/api.w.org\/{rel}","templated":true}]}}