{"id":56242,"date":"2023-08-10T13:09:34","date_gmt":"2023-08-10T11:09:34","guid":{"rendered":"https:\/\/www.casariche.es\/?p=56242"},"modified":"2023-08-10T13:10:23","modified_gmt":"2023-08-10T11:10:23","slug":"la-delegacion-de-trafico-del-ayuntamiento-coloca-una-nueva-senalizacion-para-la-temporada-de-verano-en-las-calles-primera-travesia-la-libertad-y-avda-de-la-libertad","status":"publish","type":"post","link":"http:\/\/www.casariche.es\/?p=56242","title":{"rendered":"La Delegaci\u00f3n de Tr\u00e1fico del Ayuntamiento coloca una nueva se\u00f1alizaci\u00f3n para la temporada de verano en las calles Primera Traves\u00eda La Libertad y Avda. de la Libertad"},"content":{"rendered":"<p style=\"text-align: justify;\">El Ayuntamiento de Casariche desde su <strong>Delegaci\u00f3n<\/strong> <strong>de Tr\u00e1fico <\/strong>informa que se ha procedido a la <strong>colocaci\u00f3n de<\/strong> <strong>una<\/strong> <strong>nueva se\u00f1alizaci\u00f3n<\/strong> <strong>para<\/strong> <strong>la<\/strong> <strong>temporada<\/strong> <strong>de verano<\/strong>, afectando esta al tr\u00e1fico rodado que circule por las calles <strong>Primera Traves\u00eda La Libertad<\/strong> <strong>y Avenida de<\/strong> <strong>la<\/strong> <strong>Libertad <\/strong>(zona consultorio m\u00e9dico). Dicha se\u00f1alizaci\u00f3n proh\u00edbe el paso de veh\u00edculos por las citadas calles, de <b>Martes a Domingo desde las 20:00 horas hasta las 03:00 horas. <\/b>(Permiti\u00e9ndole el acceso a residentes)<\/p>\n<div>Esta informaci\u00f3n se hace extensible para el conocimiento de todos los vecinos y residentes.<\/div>\n<div><\/div>\n<div>Muchas gracias.<\/div>\n<div><\/div>\n<div><\/div>\n<div><\/div>\n<div><\/div>\n<div><\/div>\n<div><\/div>\n","protected":false},"excerpt":{"rendered":"<p>El Ayuntamiento de Casariche desde su Delegaci\u00f3n de Tr\u00e1fico informa que se ha procedido a la colocaci\u00f3n de una nueva se\u00f1alizaci\u00f3n para la temporada de<\/p>\n","protected":false},"author":2,"featured_media":56244,"comment_status":"closed","ping_status":"closed","sticky":false,"template":"","format":"standard","meta":{"footnotes":""},"categories":[1,21,16],"tags":[],"class_list":["post-56242","post","type-post","status-publish","format-standard","has-post-thumbnail","hentry","category-sin-categoria","category-servicios-municipales","category-urbanismo"],"_links":{"self":[{"href":"http:\/\/www.casariche.es\/index.php?rest_route=\/wp\/v2\/posts\/56242","targetHints":{"allow":["GET"]}}],"collection":[{"href":"http:\/\/www.casariche.es\/index.php?rest_route=\/wp\/v2\/posts"}],"about":[{"href":"http:\/\/www.casariche.es\/index.php?rest_route=\/wp\/v2\/types\/post"}],"author":[{"embeddable":true,"href":"http:\/\/www.casariche.es\/index.php?rest_route=\/wp\/v2\/users\/2"}],"replies":[{"embeddable":true,"href":"http:\/\/www.casariche.es\/index.php?rest_route=%2Fwp%2Fv2%2Fcomments&post=56242"}],"version-history":[{"count":3,"href":"http:\/\/www.casariche.es\/index.php?rest_route=\/wp\/v2\/posts\/56242\/revisions"}],"predecessor-version":[{"id":56249,"href":"http:\/\/www.casariche.es\/index.php?rest_route=\/wp\/v2\/posts\/56242\/revisions\/56249"}],"wp:featuredmedia":[{"embeddable":true,"href":"http:\/\/www.casariche.es\/index.php?rest_route=\/wp\/v2\/media\/56244"}],"wp:attachment":[{"href":"http:\/\/www.casariche.es\/index.php?rest_route=%2Fwp%2Fv2%2Fmedia&parent=56242"}],"wp:term":[{"taxonomy":"category","embeddable":true,"href":"http:\/\/www.casariche.es\/index.php?rest_route=%2Fwp%2Fv2%2Fcategories&post=56242"},{"taxonomy":"post_tag","embeddable":true,"href":"http:\/\/www.casariche.es\/index.php?rest_route=%2Fwp%2Fv2%2Ftags&post=56242"}],"curies":[{"name":"wp","href":"https:\/\/api.w.org\/{rel}","templated":true}]}}