{"id":54938,"date":"2023-07-06T09:28:10","date_gmt":"2023-07-06T07:28:10","guid":{"rendered":"https:\/\/www.casariche.es\/?p=54938"},"modified":"2023-07-08T10:53:42","modified_gmt":"2023-07-08T08:53:42","slug":"el-xxxii-festival-de-cante-jondo-de-casariche-se-celebra-los-dias-13-y-14-de-julio","status":"publish","type":"post","link":"http:\/\/www.casariche.es\/?p=54938","title":{"rendered":"El XXXII Festival de Cante Jondo de Casariche se celebra los d\u00edas 13 y 14 de julio"},"content":{"rendered":"<p style=\"text-align: justify;\">Cada vez queda menos para nuestra Feria 2023 y hoy nos complace anunciar la fecha y el cartel de artistas que actuar\u00e1 en el <strong>XXXII Festival de Cante Jondo de Casariche<\/strong> que se celebra este a\u00f1o los d\u00edas <strong>13 y 14 de julio<\/strong>.<\/p>\n<p style=\"text-align: justify;\"><strong>JUEVES 13 DE JULIO<\/strong><\/p>\n<p style=\"text-align: justify;\">21:00 h:\u00a0<strong>Recital de cante a cargo de Tom\u00e1s Rubichi, <\/strong>con Antonio Higuero al toque.<\/p>\n<p style=\"text-align: justify;\">22:00 h:<strong> Recital de cante a cargo de Tomasa Guerrero &#8216;Macanita&#8217;<\/strong>, con Antonio Higuero al toque y acompa\u00f1amiento de palmas.<\/p>\n<p style=\"text-align: justify;\"><strong>VIERNES 14 DE JULIO<\/strong><\/p>\n<p style=\"text-align: justify;\">21:00 h:\u00a0<strong>Recital de flamenco a cargo de Catalina S\u00e1nchez y su saxof\u00f3n, con <\/strong>Eva Palacios, al cante, Alba Espert, al toque, David Vargas, al baile, Mat\u00edas Borrego, a la percusi\u00f3n, y Juan A. Aguilera &#8216;Vitito&#8217;, al piano.<\/p>\n<p style=\"text-align: justify;\"><strong>22:00 h: Recital de baile flamenco a cargo de Macarena Cocinero, con Armando Mateos y Eduardo L\u00f3pez, al cante, Macarena Cocinero, al baile, Paco Cort\u00e9s, al toque, y Mat\u00edas Lebr\u00f3n, a la percusi\u00f3n.<\/strong><\/p>\n<p style=\"text-align: justify;\">Este a\u00f1o la <strong>venta de entradas<\/strong> (con un coste de <strong>5 Euros\/persona<\/strong>) ir\u00e1 destinada <strong>a beneficio de la Asociaci\u00f3n Crisol-Aydis<\/strong> de Casariche, y \u00e9stas podr\u00e1n <strong>adquirirse, de forma anticipada, en la Casa de la Cultura<\/strong> (Biblioteca) <strong>preguntando a M\u00aa Carmen Bastos o contactando con Crisol,<\/strong> as\u00ed como <strong>en el Teatro Municipal los d\u00edas de las actuaciones<\/strong>.<\/p>\n<p style=\"text-align: justify;\">Este festival est\u00e1 organizado por el Excmo. Ayuntamiento de Casariche en colaboraci\u00f3n con la Tertulia del Cante Jondo de Casariche y cuenta con la colaboraci\u00f3n de la Diputaci\u00f3n de Sevilla.<\/p>\n<p><img loading=\"lazy\" decoding=\"async\" class=\"aligncenter size-full wp-image-55088\" src=\"http:\/\/www.casariche.es\/wp-content\/uploads\/2023\/07\/ok-cartel-flamenco.png\" alt=\"\" width=\"1890\" height=\"2646\" srcset=\"http:\/\/www.casariche.es\/wp-content\/uploads\/2023\/07\/ok-cartel-flamenco.png 1890w, http:\/\/www.casariche.es\/wp-content\/uploads\/2023\/07\/ok-cartel-flamenco-214x300.png 214w, http:\/\/www.casariche.es\/wp-content\/uploads\/2023\/07\/ok-cartel-flamenco-731x1024.png 731w, http:\/\/www.casariche.es\/wp-content\/uploads\/2023\/07\/ok-cartel-flamenco-768x1075.png 768w, http:\/\/www.casariche.es\/wp-content\/uploads\/2023\/07\/ok-cartel-flamenco-1097x1536.png 1097w, http:\/\/www.casariche.es\/wp-content\/uploads\/2023\/07\/ok-cartel-flamenco-1463x2048.png 1463w\" sizes=\"auto, (max-width: 1890px) 100vw, 1890px\" \/><\/p>\n<p>&nbsp;<\/p>\n<p>&nbsp;<\/p>\n<p>&nbsp;<\/p>\n","protected":false},"excerpt":{"rendered":"<p>Cada vez queda menos para nuestra Feria 2023 y hoy nos complace anunciar la fecha y el cartel de artistas que actuar\u00e1 en el XXXII<\/p>\n","protected":false},"author":2,"featured_media":55088,"comment_status":"closed","ping_status":"closed","sticky":false,"template":"","format":"standard","meta":{"footnotes":""},"categories":[7,1],"tags":[12,65,675],"class_list":["post-54938","post","type-post","status-publish","format-standard","has-post-thumbnail","hentry","category-cultura","category-sin-categoria","tag-feria","tag-festival","tag-flamenco"],"_links":{"self":[{"href":"http:\/\/www.casariche.es\/index.php?rest_route=\/wp\/v2\/posts\/54938","targetHints":{"allow":["GET"]}}],"collection":[{"href":"http:\/\/www.casariche.es\/index.php?rest_route=\/wp\/v2\/posts"}],"about":[{"href":"http:\/\/www.casariche.es\/index.php?rest_route=\/wp\/v2\/types\/post"}],"author":[{"embeddable":true,"href":"http:\/\/www.casariche.es\/index.php?rest_route=\/wp\/v2\/users\/2"}],"replies":[{"embeddable":true,"href":"http:\/\/www.casariche.es\/index.php?rest_route=%2Fwp%2Fv2%2Fcomments&post=54938"}],"version-history":[{"count":9,"href":"http:\/\/www.casariche.es\/index.php?rest_route=\/wp\/v2\/posts\/54938\/revisions"}],"predecessor-version":[{"id":55090,"href":"http:\/\/www.casariche.es\/index.php?rest_route=\/wp\/v2\/posts\/54938\/revisions\/55090"}],"wp:featuredmedia":[{"embeddable":true,"href":"http:\/\/www.casariche.es\/index.php?rest_route=\/wp\/v2\/media\/55088"}],"wp:attachment":[{"href":"http:\/\/www.casariche.es\/index.php?rest_route=%2Fwp%2Fv2%2Fmedia&parent=54938"}],"wp:term":[{"taxonomy":"category","embeddable":true,"href":"http:\/\/www.casariche.es\/index.php?rest_route=%2Fwp%2Fv2%2Fcategories&post=54938"},{"taxonomy":"post_tag","embeddable":true,"href":"http:\/\/www.casariche.es\/index.php?rest_route=%2Fwp%2Fv2%2Ftags&post=54938"}],"curies":[{"name":"wp","href":"https:\/\/api.w.org\/{rel}","templated":true}]}}