{"id":5364,"date":"2013-12-26T15:57:57","date_gmt":"2013-12-26T13:27:57","guid":{"rendered":"http:\/\/www.casariche.es\/?p=5364"},"modified":"2014-01-02T11:35:27","modified_gmt":"2014-01-02T09:05:27","slug":"papa-noel-visito-casariche-el-dia-de-navidad","status":"publish","type":"post","link":"http:\/\/www.casariche.es\/?p=5364","title":{"rendered":"Pap\u00e1 Noel visit\u00f3 Casariche el D\u00eda de Navidad"},"content":{"rendered":"<p>A pesar de que el tiempo no acompa\u00f1\u00f3 demasiado, Pap\u00e1 Noel visit\u00f3 Casariche ayer mi\u00e9rcoles 25 de Diciembre, D\u00eda de Navidad, haciendo las delicias de los m\u00e1s peque\u00f1os.<\/p>\n<p>A partir de las cuatro y media de la tarde, en la Casa de la Juventud (hubo que modificar el lugar previsto inicialmente, la Plaza del Ayuntamiento, a causa de la lluvia), Pap\u00e1 Noel hizo entrega de sus regalos a los m\u00e1s peque\u00f1os de la casa.<\/p>\n<p><a href=\"http:\/\/www.casariche.es\/?attachment_id=5366\" rel=\"attachment wp-att-5366\"><img loading=\"lazy\" decoding=\"async\" class=\"aligncenter size-full wp-image-5366\" title=\"papa noel con los ni\u00f1os\" src=\"http:\/\/www.casariche.es\/wp-content\/uploads\/2013\/12\/papa-noel-con-los-ni\u00f1os1.jpg\" alt=\"\" width=\"480\" height=\"260\" srcset=\"http:\/\/www.casariche.es\/wp-content\/uploads\/2013\/12\/papa-noel-con-los-ni\u00f1os1.jpg 480w, http:\/\/www.casariche.es\/wp-content\/uploads\/2013\/12\/papa-noel-con-los-ni\u00f1os1-300x162.jpg 300w\" sizes=\"auto, (max-width: 480px) 100vw, 480px\" \/><\/a><\/p>\n<p>El acto estuvo amenizado por el Coro Rociero de Casariche y tambi\u00e9n se entreg\u00f3 el premio al ganador del II Concurso de Belenes de Casariche, para lo cual se cont\u00f3 con la colaboraci\u00f3n de la Concejala de Festejos del Ayuntamiento de Casariche, Loli Ballesteros.<\/p>\n<p><a href=\"http:\/\/www.casariche.es\/?attachment_id=5367\" rel=\"attachment wp-att-5367\"><img loading=\"lazy\" decoding=\"async\" class=\"aligncenter size-full wp-image-5367\" title=\"papa noel y coro rociero\" src=\"http:\/\/www.casariche.es\/wp-content\/uploads\/2013\/12\/papa-noel-y-coro-rociero.jpg\" alt=\"\" width=\"480\" height=\"260\" srcset=\"http:\/\/www.casariche.es\/wp-content\/uploads\/2013\/12\/papa-noel-y-coro-rociero.jpg 480w, http:\/\/www.casariche.es\/wp-content\/uploads\/2013\/12\/papa-noel-y-coro-rociero-300x162.jpg 300w\" sizes=\"auto, (max-width: 480px) 100vw, 480px\" \/><\/a><\/p>\n<p>En otro orden de cosas y en el marco de las actividades navide\u00f1as 2013, la Casa de la Juventud acogi\u00f3 en la tarde del domingo 22 de Diciembre, a las 19:00 horas, un concierto de m\u00fasica cl\u00e1sica a cargo del \u201cCuarteto Spal\u201d.<\/p>\n<p><a href=\"http:\/\/www.casariche.es\/?attachment_id=5368\" rel=\"attachment wp-att-5368\"><img loading=\"lazy\" decoding=\"async\" class=\"aligncenter size-full wp-image-5368\" title=\"concierto musica clasica - 22 dic\" src=\"http:\/\/www.casariche.es\/wp-content\/uploads\/2013\/12\/concierto-musica-clasica-22-dic.jpg\" alt=\"\" width=\"480\" height=\"260\" srcset=\"http:\/\/www.casariche.es\/wp-content\/uploads\/2013\/12\/concierto-musica-clasica-22-dic.jpg 480w, http:\/\/www.casariche.es\/wp-content\/uploads\/2013\/12\/concierto-musica-clasica-22-dic-300x162.jpg 300w\" sizes=\"auto, (max-width: 480px) 100vw, 480px\" \/><\/a><\/p>\n","protected":false},"excerpt":{"rendered":"<p>A pesar de que el tiempo no acompa\u00f1\u00f3 demasiado, Pap\u00e1 Noel visit\u00f3 Casariche ayer mi\u00e9rcoles 25 de Diciembre, D\u00eda de Navidad, haciendo las delicias de<\/p>\n","protected":false},"author":2,"featured_media":5366,"comment_status":"closed","ping_status":"open","sticky":false,"template":"","format":"standard","meta":{"footnotes":""},"categories":[7,1],"tags":[300,799,798,626],"class_list":["post-5364","post","type-post","status-publish","format-standard","has-post-thumbnail","hentry","category-cultura","category-sin-categoria","tag-coro","tag-noel","tag-papa","tag-rociero"],"_links":{"self":[{"href":"http:\/\/www.casariche.es\/index.php?rest_route=\/wp\/v2\/posts\/5364","targetHints":{"allow":["GET"]}}],"collection":[{"href":"http:\/\/www.casariche.es\/index.php?rest_route=\/wp\/v2\/posts"}],"about":[{"href":"http:\/\/www.casariche.es\/index.php?rest_route=\/wp\/v2\/types\/post"}],"author":[{"embeddable":true,"href":"http:\/\/www.casariche.es\/index.php?rest_route=\/wp\/v2\/users\/2"}],"replies":[{"embeddable":true,"href":"http:\/\/www.casariche.es\/index.php?rest_route=%2Fwp%2Fv2%2Fcomments&post=5364"}],"version-history":[{"count":2,"href":"http:\/\/www.casariche.es\/index.php?rest_route=\/wp\/v2\/posts\/5364\/revisions"}],"predecessor-version":[{"id":5422,"href":"http:\/\/www.casariche.es\/index.php?rest_route=\/wp\/v2\/posts\/5364\/revisions\/5422"}],"wp:featuredmedia":[{"embeddable":true,"href":"http:\/\/www.casariche.es\/index.php?rest_route=\/wp\/v2\/media\/5366"}],"wp:attachment":[{"href":"http:\/\/www.casariche.es\/index.php?rest_route=%2Fwp%2Fv2%2Fmedia&parent=5364"}],"wp:term":[{"taxonomy":"category","embeddable":true,"href":"http:\/\/www.casariche.es\/index.php?rest_route=%2Fwp%2Fv2%2Fcategories&post=5364"},{"taxonomy":"post_tag","embeddable":true,"href":"http:\/\/www.casariche.es\/index.php?rest_route=%2Fwp%2Fv2%2Ftags&post=5364"}],"curies":[{"name":"wp","href":"https:\/\/api.w.org\/{rel}","templated":true}]}}