{"id":5312,"date":"2013-12-16T11:21:21","date_gmt":"2013-12-16T08:51:21","guid":{"rendered":"http:\/\/www.casariche.es\/?p=5312"},"modified":"2013-12-18T11:21:36","modified_gmt":"2013-12-18T08:51:36","slug":"casariche-asistio-al-vii-encuentro-provincial-de-abuelas-y-abuelos-cuidadores","status":"publish","type":"post","link":"http:\/\/www.casariche.es\/?p=5312","title":{"rendered":"Casariche asisti\u00f3 al VII Encuentro Provincial de Abuelas y Abuelos Cuidadores"},"content":{"rendered":"<p>Casariche asisti\u00f3 el viernes 13 de Diciembre al\u00a0VII Encuentro Provincial de Abuelas y Abuelos Cuidadores que se celebr\u00f3 en Castilblanco de los Arroyos (Sevilla), en el Teatro Municipal Miguel Fisac.\u00a0 A este evento que ha servido para clausurar a nivel provincial la edici\u00f3n 2013 de los Talleres de Abuelas y Abuelos Cuidadores asisti\u00f3 el grupo de Abuelas que han estado previamente participando en el taller impartido en nuestra localidad en los meses de octubre (3,10, 17, 24, 31) y noviembre (7), con una duraci\u00f3n total de 15 horas. Para la ocasi\u00f3n, estuvieron acompa\u00f1adas de la monitora que ha impartido dicho taller, Adeli Estudillo Calzado, y de la T\u00e9cnica para la Igualdad (Paqui Gir\u00e1ldez).<\/p>\n<p>Esta actividad ha sido organizada y financiada por Diputaci\u00f3n Provincial de Sevilla, con la colaboraci\u00f3n de los municipios participantes, entre ellos, el nuestro.<\/p>\n<p>La Diputada responsable de las pol\u00edticas sociales en la Diputaci\u00f3n de Sevilla, Lidia Ferrera, particip\u00f3 en el acto de clausura estos talleres que se han desarrollado desde el mes de septiembre en una veintena de localidades sevillanas. \u00a0En dicho Encuentro, se cont\u00f3 tambi\u00e9n con la presencia de la Delegada Territorial de Igualdad, Salud y Pol\u00edticas Sociales de la Junta de Andaluc\u00eda, Francisca D\u00edaz, y del alcalde del municipio anfitri\u00f3n, Segundo Ben\u00edtez.<\/p>\n<p><a href=\"http:\/\/www.dipusevilla.es\/actualidad\/noticias\/noticia_1507.html#\" target=\"_blank\">Ver fotos VII Encuentro<\/a><\/p>\n","protected":false},"excerpt":{"rendered":"<p>Casariche asisti\u00f3 el viernes 13 de Diciembre al\u00a0VII Encuentro Provincial de Abuelas y Abuelos Cuidadores que se celebr\u00f3 en Castilblanco de los Arroyos (Sevilla), en<\/p>\n","protected":false},"author":2,"featured_media":5315,"comment_status":"closed","ping_status":"open","sticky":false,"template":"","format":"standard","meta":{"footnotes":""},"categories":[1,6],"tags":[709,480,183,796,62],"class_list":["post-5312","post","type-post","status-publish","format-standard","has-post-thumbnail","hentry","category-sin-categoria","category-bienestar-social","tag-abuelas","tag-cuidadoras","tag-encuentro","tag-provincial","tag-taller"],"_links":{"self":[{"href":"http:\/\/www.casariche.es\/index.php?rest_route=\/wp\/v2\/posts\/5312","targetHints":{"allow":["GET"]}}],"collection":[{"href":"http:\/\/www.casariche.es\/index.php?rest_route=\/wp\/v2\/posts"}],"about":[{"href":"http:\/\/www.casariche.es\/index.php?rest_route=\/wp\/v2\/types\/post"}],"author":[{"embeddable":true,"href":"http:\/\/www.casariche.es\/index.php?rest_route=\/wp\/v2\/users\/2"}],"replies":[{"embeddable":true,"href":"http:\/\/www.casariche.es\/index.php?rest_route=%2Fwp%2Fv2%2Fcomments&post=5312"}],"version-history":[{"count":4,"href":"http:\/\/www.casariche.es\/index.php?rest_route=\/wp\/v2\/posts\/5312\/revisions"}],"predecessor-version":[{"id":5317,"href":"http:\/\/www.casariche.es\/index.php?rest_route=\/wp\/v2\/posts\/5312\/revisions\/5317"}],"wp:featuredmedia":[{"embeddable":true,"href":"http:\/\/www.casariche.es\/index.php?rest_route=\/wp\/v2\/media\/5315"}],"wp:attachment":[{"href":"http:\/\/www.casariche.es\/index.php?rest_route=%2Fwp%2Fv2%2Fmedia&parent=5312"}],"wp:term":[{"taxonomy":"category","embeddable":true,"href":"http:\/\/www.casariche.es\/index.php?rest_route=%2Fwp%2Fv2%2Fcategories&post=5312"},{"taxonomy":"post_tag","embeddable":true,"href":"http:\/\/www.casariche.es\/index.php?rest_route=%2Fwp%2Fv2%2Ftags&post=5312"}],"curies":[{"name":"wp","href":"https:\/\/api.w.org\/{rel}","templated":true}]}}