{"id":52455,"date":"2023-03-10T17:08:21","date_gmt":"2023-03-10T16:08:21","guid":{"rendered":"https:\/\/www.casariche.es\/?p=52455"},"modified":"2023-03-11T10:07:55","modified_gmt":"2023-03-11T09:07:55","slug":"te-apuntas-a-un-viaje-cultural-a-madrid-toledo-y-avila-del-1-al-6-de-mayo","status":"publish","type":"post","link":"http:\/\/www.casariche.es\/?p=52455","title":{"rendered":"\u00bfTe apuntas a un Viaje cultural a Madrid, Toledo y \u00c1vila del 1 al 6 de Mayo?"},"content":{"rendered":"<p style=\"text-align: justify;\">El Ayuntamiento, desde su Concejal\u00eda de Bienestar Social, ha organizado un <strong>Viaje cultural a Madrid, Toledo y \u00c1vila, que se celebrar\u00e1 del 1 al 6 de Mayo<\/strong><\/p>\n<p style=\"text-align: justify;\">Si est\u00e1s interesado\/a en realizarlo, debes acudir a <strong>inscribirte a los Servicios Sociales del Ayuntamiento de Casariche, de lunes a viernes, en horario de 11:00 h a 14:00 h , preguntando por Jos\u00e9 Moriana y aportando tu DNI y el importe del viaje<\/strong>.<\/p>\n<p style=\"text-align: justify;\">En este viaje visitaremos, entre otros, <strong>Toledo, \u00c1vila, o El Escorial y el Museo Thyssen-Bornemisza\u00a0en Madrid<\/strong>.<\/p>\n<p style=\"text-align: justify;\">\u00a1An\u00edmate y viaja con nosotros!<\/p>\n<p><img loading=\"lazy\" decoding=\"async\" class=\"aligncenter size-full wp-image-52460\" src=\"http:\/\/www.casariche.es\/wp-content\/uploads\/2023\/03\/viaje-a-madrid-edl-1-al-6-de-mayo.jpg\" alt=\"\" width=\"997\" height=\"1408\" srcset=\"http:\/\/www.casariche.es\/wp-content\/uploads\/2023\/03\/viaje-a-madrid-edl-1-al-6-de-mayo.jpg 997w, http:\/\/www.casariche.es\/wp-content\/uploads\/2023\/03\/viaje-a-madrid-edl-1-al-6-de-mayo-212x300.jpg 212w, http:\/\/www.casariche.es\/wp-content\/uploads\/2023\/03\/viaje-a-madrid-edl-1-al-6-de-mayo-725x1024.jpg 725w, http:\/\/www.casariche.es\/wp-content\/uploads\/2023\/03\/viaje-a-madrid-edl-1-al-6-de-mayo-768x1085.jpg 768w\" sizes=\"auto, (max-width: 997px) 100vw, 997px\" \/><\/p>\n","protected":false},"excerpt":{"rendered":"<p>El Ayuntamiento, desde su Concejal\u00eda de Bienestar Social, ha organizado un Viaje cultural a Madrid, Toledo y \u00c1vila, que se celebrar\u00e1 del 1 al 6<\/p>\n","protected":false},"author":2,"featured_media":52460,"comment_status":"closed","ping_status":"closed","sticky":false,"template":"","format":"standard","meta":{"footnotes":""},"categories":[1,6],"tags":[4514,64,1150,4513,38],"class_list":["post-52455","post","type-post","status-publish","format-standard","has-post-thumbnail","hentry","category-sin-categoria","category-bienestar-social","tag-avila","tag-cultural","tag-madrid","tag-toledo","tag-viaje"],"_links":{"self":[{"href":"http:\/\/www.casariche.es\/index.php?rest_route=\/wp\/v2\/posts\/52455","targetHints":{"allow":["GET"]}}],"collection":[{"href":"http:\/\/www.casariche.es\/index.php?rest_route=\/wp\/v2\/posts"}],"about":[{"href":"http:\/\/www.casariche.es\/index.php?rest_route=\/wp\/v2\/types\/post"}],"author":[{"embeddable":true,"href":"http:\/\/www.casariche.es\/index.php?rest_route=\/wp\/v2\/users\/2"}],"replies":[{"embeddable":true,"href":"http:\/\/www.casariche.es\/index.php?rest_route=%2Fwp%2Fv2%2Fcomments&post=52455"}],"version-history":[{"count":4,"href":"http:\/\/www.casariche.es\/index.php?rest_route=\/wp\/v2\/posts\/52455\/revisions"}],"predecessor-version":[{"id":52462,"href":"http:\/\/www.casariche.es\/index.php?rest_route=\/wp\/v2\/posts\/52455\/revisions\/52462"}],"wp:featuredmedia":[{"embeddable":true,"href":"http:\/\/www.casariche.es\/index.php?rest_route=\/wp\/v2\/media\/52460"}],"wp:attachment":[{"href":"http:\/\/www.casariche.es\/index.php?rest_route=%2Fwp%2Fv2%2Fmedia&parent=52455"}],"wp:term":[{"taxonomy":"category","embeddable":true,"href":"http:\/\/www.casariche.es\/index.php?rest_route=%2Fwp%2Fv2%2Fcategories&post=52455"},{"taxonomy":"post_tag","embeddable":true,"href":"http:\/\/www.casariche.es\/index.php?rest_route=%2Fwp%2Fv2%2Ftags&post=52455"}],"curies":[{"name":"wp","href":"https:\/\/api.w.org\/{rel}","templated":true}]}}