{"id":52431,"date":"2023-03-09T13:16:24","date_gmt":"2023-03-09T12:16:24","guid":{"rendered":"https:\/\/www.casariche.es\/?p=52431"},"modified":"2023-03-09T13:16:24","modified_gmt":"2023-03-09T12:16:24","slug":"el-jueves-30-de-marzo-te-proponemos-un-viaje-cultural-a-sevilla-con-visita-a-las-capillas","status":"publish","type":"post","link":"http:\/\/www.casariche.es\/?p=52431","title":{"rendered":"El jueves 30 de Marzo te proponemos un viaje cultural a Sevilla con visita a las Capillas"},"content":{"rendered":"<header class=\"entry-header\">\n<div class=\"entry-meta\" style=\"text-align: justify;\">Tambi\u00e9n este a\u00f1o, desde <span style=\"font-size: 1rem;\">la Delegaci\u00f3n de Cultura se ha organizado un\u00a0<\/span><strong style=\"font-size: 1rem;\">viaje cultural a Sevilla,<\/strong><span style=\"font-size: 1rem;\">\u00a0con\u00a0<\/span><strong style=\"font-size: 1rem;\">visitas a las Capillas, <\/strong><span style=\"font-size: 1rem;\">que se llevar\u00e1 a cabo el<\/span><strong style=\"font-size: 1rem;\"> jueves 30 de Marzo<\/strong><span style=\"font-size: 1rem;\">.<\/span><\/div>\n<\/header>\n<div class=\"entry-content clearfix\">\n<p style=\"text-align: justify;\">El\u00a0<strong>precio<\/strong>\u00a0para asistir es de\u00a0<strong>12 Euros\/persona<\/strong>\u00a0e\u00a0<strong>incluye\u00a0 el autob\u00fas y visitas guiadas, en horario de ma\u00f1ana, a las siguientes capillas: Bas\u00edlica de la Macarena <\/strong>(plaza de la Esperanza Macarena, 1)<strong>, Real Parroquia de Omnium Santorum <\/strong>(calle Peris Mencheta, 2)<strong>, Capilla de Nuestra Se\u00f1ora del Rosario (<\/strong>calle Feria, 29)<strong>, Iglesia de San Juan de la Palma <\/strong>(calle Feria, 2)<strong>, Iglesia de San Mart\u00edn <\/strong>(plaza de San Mart\u00edn)<strong> y Bas\u00edlica de Jes\u00fas del Gran Poder <\/strong>(plaza de San Lorenzo)<strong>.<\/strong><\/p>\n<p style=\"text-align: justify;\">La\u00a0<strong>salida<\/strong>\u00a0ser\u00e1 el\u00a0<strong>30 de Marzo a las ocho de la ma\u00f1ana desde el Parque Juli\u00e1n Besteiro<\/strong>.<\/p>\n<p style=\"text-align: justify;\">Las\u00a0<strong>inscripciones<\/strong> deber\u00e1n hacerse, <strong>a partir del lunes 13 de Marzo, a las 08:00 h<\/strong>, a trav\u00e9s del <strong>Portal Municipal de Inscripciones:<\/strong>\u00a0https:\/\/inscripciones.casariche.es\/,\u00a0<strong>o en la Oficina de Informaci\u00f3n del Ayuntamiento<\/strong>.<\/p>\n<p><strong>\u00a1Os esperamos!<\/strong><\/p>\n<p><img loading=\"lazy\" decoding=\"async\" class=\"aligncenter size-full wp-image-52436\" src=\"http:\/\/www.casariche.es\/wp-content\/uploads\/2023\/03\/viaje-cultural-y-visita-capillas-30-marzo.jpeg\" alt=\"\" width=\"1600\" height=\"1600\" srcset=\"http:\/\/www.casariche.es\/wp-content\/uploads\/2023\/03\/viaje-cultural-y-visita-capillas-30-marzo.jpeg 1600w, http:\/\/www.casariche.es\/wp-content\/uploads\/2023\/03\/viaje-cultural-y-visita-capillas-30-marzo-300x300.jpeg 300w, http:\/\/www.casariche.es\/wp-content\/uploads\/2023\/03\/viaje-cultural-y-visita-capillas-30-marzo-1024x1024.jpeg 1024w, http:\/\/www.casariche.es\/wp-content\/uploads\/2023\/03\/viaje-cultural-y-visita-capillas-30-marzo-150x150.jpeg 150w, http:\/\/www.casariche.es\/wp-content\/uploads\/2023\/03\/viaje-cultural-y-visita-capillas-30-marzo-768x768.jpeg 768w, http:\/\/www.casariche.es\/wp-content\/uploads\/2023\/03\/viaje-cultural-y-visita-capillas-30-marzo-1536x1536.jpeg 1536w\" sizes=\"auto, (max-width: 1600px) 100vw, 1600px\" \/><\/p>\n<\/div>\n","protected":false},"excerpt":{"rendered":"<p>Tambi\u00e9n este a\u00f1o, desde la Delegaci\u00f3n de Cultura se ha organizado un\u00a0viaje cultural a Sevilla,\u00a0con\u00a0visitas a las Capillas, que se llevar\u00e1 a cabo el jueves<\/p>\n","protected":false},"author":2,"featured_media":52436,"comment_status":"closed","ping_status":"closed","sticky":false,"template":"","format":"standard","meta":{"footnotes":""},"categories":[1],"tags":[4158,64,624,38],"class_list":["post-52431","post","type-post","status-publish","format-standard","has-post-thumbnail","hentry","category-sin-categoria","tag-capillas","tag-cultural","tag-sevilla","tag-viaje"],"_links":{"self":[{"href":"http:\/\/www.casariche.es\/index.php?rest_route=\/wp\/v2\/posts\/52431","targetHints":{"allow":["GET"]}}],"collection":[{"href":"http:\/\/www.casariche.es\/index.php?rest_route=\/wp\/v2\/posts"}],"about":[{"href":"http:\/\/www.casariche.es\/index.php?rest_route=\/wp\/v2\/types\/post"}],"author":[{"embeddable":true,"href":"http:\/\/www.casariche.es\/index.php?rest_route=\/wp\/v2\/users\/2"}],"replies":[{"embeddable":true,"href":"http:\/\/www.casariche.es\/index.php?rest_route=%2Fwp%2Fv2%2Fcomments&post=52431"}],"version-history":[{"count":2,"href":"http:\/\/www.casariche.es\/index.php?rest_route=\/wp\/v2\/posts\/52431\/revisions"}],"predecessor-version":[{"id":52437,"href":"http:\/\/www.casariche.es\/index.php?rest_route=\/wp\/v2\/posts\/52431\/revisions\/52437"}],"wp:featuredmedia":[{"embeddable":true,"href":"http:\/\/www.casariche.es\/index.php?rest_route=\/wp\/v2\/media\/52436"}],"wp:attachment":[{"href":"http:\/\/www.casariche.es\/index.php?rest_route=%2Fwp%2Fv2%2Fmedia&parent=52431"}],"wp:term":[{"taxonomy":"category","embeddable":true,"href":"http:\/\/www.casariche.es\/index.php?rest_route=%2Fwp%2Fv2%2Fcategories&post=52431"},{"taxonomy":"post_tag","embeddable":true,"href":"http:\/\/www.casariche.es\/index.php?rest_route=%2Fwp%2Fv2%2Ftags&post=52431"}],"curies":[{"name":"wp","href":"https:\/\/api.w.org\/{rel}","templated":true}]}}