{"id":52310,"date":"2023-03-04T12:00:48","date_gmt":"2023-03-04T11:00:48","guid":{"rendered":"https:\/\/www.casariche.es\/?p=52310"},"modified":"2023-03-04T11:04:23","modified_gmt":"2023-03-04T10:04:23","slug":"ha-concluido-el-primer-curso-de-iniciacion-en-competencias-digitales-basicas","status":"publish","type":"post","link":"http:\/\/www.casariche.es\/?p=52310","title":{"rendered":"Ha concluido el primer \u2018Curso de Iniciaci\u00f3n en Competencias Digitales B\u00e1sicas\u2019"},"content":{"rendered":"<p style=\"text-align: justify;\">En la ma\u00f1ana de ayer, se <strong>clausur\u00f3 el primer \u2018Curso de Iniciaci\u00f3n en Competencias Digitales B\u00e1sicas\u2019<\/strong> enmarcado en el programa estatal de <strong>\u00abAlfabetizaci\u00f3n digital para mujeres contratadas en el marco del Plan de Fomento del Empleo Agrario (PROFEA)\u00bb<\/strong>, impartido en Casariche.<\/p>\n<p style=\"text-align: justify;\">El <strong>grupo<\/strong> asistente ha quedado <strong>encantado con la formaci\u00f3n recibida, orientada a reducir la brecha de g\u00e9nero en el \u00e1mbito rural, fomentando la igualdad de oportunidades entre hombres y mujeres<\/strong>.<\/p>\n<p style=\"text-align: justify;\">Entre otros, las alumnas se han formado en el <strong>uso b\u00e1sico del sistema operativo, tratamiento de la informaci\u00f3n<\/strong> (b\u00fasqueda, almacenamiento y recuperaci\u00f3n de contenido digital) <strong>correo electr\u00f3nico, videoconferencias, etc<\/strong>.<\/p>\n<p><img loading=\"lazy\" decoding=\"async\" class=\"aligncenter size-full wp-image-52311\" src=\"http:\/\/www.casariche.es\/wp-content\/uploads\/2023\/03\/6c238499-9851-4ee3-bff8-2841db4005b8.jpg\" alt=\"\" width=\"1024\" height=\"706\" srcset=\"http:\/\/www.casariche.es\/wp-content\/uploads\/2023\/03\/6c238499-9851-4ee3-bff8-2841db4005b8.jpg 1024w, http:\/\/www.casariche.es\/wp-content\/uploads\/2023\/03\/6c238499-9851-4ee3-bff8-2841db4005b8-300x207.jpg 300w, http:\/\/www.casariche.es\/wp-content\/uploads\/2023\/03\/6c238499-9851-4ee3-bff8-2841db4005b8-768x530.jpg 768w\" sizes=\"auto, (max-width: 1024px) 100vw, 1024px\" \/><\/p>\n","protected":false},"excerpt":{"rendered":"<p>En la ma\u00f1ana de ayer, se clausur\u00f3 el primer \u2018Curso de Iniciaci\u00f3n en Competencias Digitales B\u00e1sicas\u2019 enmarcado en el programa estatal de \u00abAlfabetizaci\u00f3n digital para<\/p>\n","protected":false},"author":2,"featured_media":52311,"comment_status":"closed","ping_status":"closed","sticky":false,"template":"","format":"standard","meta":{"footnotes":""},"categories":[9,1,6],"tags":[3766,90,3767,197],"class_list":["post-52310","post","type-post","status-publish","format-standard","has-post-thumbnail","hentry","category-educacion","category-sin-categoria","category-bienestar-social","tag-competencias","tag-curso","tag-digitales","tag-mujeres"],"_links":{"self":[{"href":"http:\/\/www.casariche.es\/index.php?rest_route=\/wp\/v2\/posts\/52310","targetHints":{"allow":["GET"]}}],"collection":[{"href":"http:\/\/www.casariche.es\/index.php?rest_route=\/wp\/v2\/posts"}],"about":[{"href":"http:\/\/www.casariche.es\/index.php?rest_route=\/wp\/v2\/types\/post"}],"author":[{"embeddable":true,"href":"http:\/\/www.casariche.es\/index.php?rest_route=\/wp\/v2\/users\/2"}],"replies":[{"embeddable":true,"href":"http:\/\/www.casariche.es\/index.php?rest_route=%2Fwp%2Fv2%2Fcomments&post=52310"}],"version-history":[{"count":2,"href":"http:\/\/www.casariche.es\/index.php?rest_route=\/wp\/v2\/posts\/52310\/revisions"}],"predecessor-version":[{"id":52313,"href":"http:\/\/www.casariche.es\/index.php?rest_route=\/wp\/v2\/posts\/52310\/revisions\/52313"}],"wp:featuredmedia":[{"embeddable":true,"href":"http:\/\/www.casariche.es\/index.php?rest_route=\/wp\/v2\/media\/52311"}],"wp:attachment":[{"href":"http:\/\/www.casariche.es\/index.php?rest_route=%2Fwp%2Fv2%2Fmedia&parent=52310"}],"wp:term":[{"taxonomy":"category","embeddable":true,"href":"http:\/\/www.casariche.es\/index.php?rest_route=%2Fwp%2Fv2%2Fcategories&post=52310"},{"taxonomy":"post_tag","embeddable":true,"href":"http:\/\/www.casariche.es\/index.php?rest_route=%2Fwp%2Fv2%2Ftags&post=52310"}],"curies":[{"name":"wp","href":"https:\/\/api.w.org\/{rel}","templated":true}]}}