{"id":5150,"date":"2013-12-02T16:16:04","date_gmt":"2013-12-02T13:46:04","guid":{"rendered":"http:\/\/www.casariche.es\/?p=5150"},"modified":"2013-12-02T21:32:10","modified_gmt":"2013-12-02T19:02:10","slug":"cuarenta-y-dos-casarichenos-visitaron-la-viii-feria-provincial-de-empresarias-fepme%c2%b42013","status":"publish","type":"post","link":"http:\/\/www.casariche.es\/?p=5150","title":{"rendered":"Cuarenta y dos casariche\u00f1os visitaron la VIII Feria Provincial de Empresarias FEPME\u00b42013"},"content":{"rendered":"<p>Cuarenta y dos casariche\u00f1os (40 mujeres y dos hombres) visitaron en la tarde del viernes 29 de Noviembre la VIII\u00a0Feria Provincial de Empresarias FEPME\u00b42013, actividad que se complet\u00f3 con una visita cultural a Sevilla por la ma\u00f1ana, teniendo oportunidad de visitar la Plaza de Espa\u00f1a y el Museo de Artes y Costumbres Populares, en el cual pudieron admirar las exposiciones \u00abLina: Vistiendo el Flamenco\u00bb y \u00abEncajes y Bordados\u00bb. \u00a0Seguidamente, pasearon por la Avenida de la Constituci\u00f3n, disfrutando de la Feria de Belenes.<\/p>\n<p>Despu\u00e9s de almorzar, el grupo dispuso de dos horas libres para callejear por el centro y, hacia las 5:30, se dirigi\u00f3 a pie al Barrio de Santa Cruz hasta llegar a los Jardines de Murillo y \u00a0a la Diputaci\u00f3n de Sevilla, en cuyo interior visitaron la VIII Feria Provincial de Empresarias FEPME\u00b42013, compuesta por una gran variedad de stands de diferentes contenidos artesanales: cosm\u00e9tica, textil, decoraci\u00f3n, alimentaci\u00f3n, complementos de vestir, ocio y tiempo libre, etc. \u00a0Al finalizar la visita, Diputaci\u00f3n hizo entrega a cada persona asistente de un obsequio (calendario y reposam\u00f3viles).<\/p>\n<p>Cabe destacar que durante toda la jornada, nuestros vecinos y vecinas estuvieron acompa\u00f1ados por las t\u00e9cnicas del P.I.M, Pilar Florido y Paqui Gir\u00e1ldez.<\/p>\n<p><a href=\"http:\/\/www.casariche.es\/?attachment_id=5154\" rel=\"attachment wp-att-5154\"><img loading=\"lazy\" decoding=\"async\" class=\"aligncenter size-full wp-image-5154\" title=\"CAM00777\" src=\"http:\/\/www.casariche.es\/wp-content\/uploads\/2013\/12\/CAM007771.jpg\" alt=\"\" width=\"480\" height=\"260\" srcset=\"http:\/\/www.casariche.es\/wp-content\/uploads\/2013\/12\/CAM007771.jpg 480w, http:\/\/www.casariche.es\/wp-content\/uploads\/2013\/12\/CAM007771-300x162.jpg 300w\" sizes=\"auto, (max-width: 480px) 100vw, 480px\" \/><\/a><\/p>\n","protected":false},"excerpt":{"rendered":"<p>Cuarenta y dos casariche\u00f1os (40 mujeres y dos hombres) visitaron en la tarde del viernes 29 de Noviembre la VIII\u00a0Feria Provincial de Empresarias FEPME\u00b42013, actividad<\/p>\n","protected":false},"author":2,"featured_media":5153,"comment_status":"closed","ping_status":"open","sticky":false,"template":"","format":"standard","meta":{"footnotes":""},"categories":[1,6],"tags":[224,12,624],"class_list":["post-5150","post","type-post","status-publish","format-standard","has-post-thumbnail","hentry","category-sin-categoria","category-bienestar-social","tag-empresarias","tag-feria","tag-sevilla"],"_links":{"self":[{"href":"http:\/\/www.casariche.es\/index.php?rest_route=\/wp\/v2\/posts\/5150","targetHints":{"allow":["GET"]}}],"collection":[{"href":"http:\/\/www.casariche.es\/index.php?rest_route=\/wp\/v2\/posts"}],"about":[{"href":"http:\/\/www.casariche.es\/index.php?rest_route=\/wp\/v2\/types\/post"}],"author":[{"embeddable":true,"href":"http:\/\/www.casariche.es\/index.php?rest_route=\/wp\/v2\/users\/2"}],"replies":[{"embeddable":true,"href":"http:\/\/www.casariche.es\/index.php?rest_route=%2Fwp%2Fv2%2Fcomments&post=5150"}],"version-history":[{"count":4,"href":"http:\/\/www.casariche.es\/index.php?rest_route=\/wp\/v2\/posts\/5150\/revisions"}],"predecessor-version":[{"id":5163,"href":"http:\/\/www.casariche.es\/index.php?rest_route=\/wp\/v2\/posts\/5150\/revisions\/5163"}],"wp:featuredmedia":[{"embeddable":true,"href":"http:\/\/www.casariche.es\/index.php?rest_route=\/wp\/v2\/media\/5153"}],"wp:attachment":[{"href":"http:\/\/www.casariche.es\/index.php?rest_route=%2Fwp%2Fv2%2Fmedia&parent=5150"}],"wp:term":[{"taxonomy":"category","embeddable":true,"href":"http:\/\/www.casariche.es\/index.php?rest_route=%2Fwp%2Fv2%2Fcategories&post=5150"},{"taxonomy":"post_tag","embeddable":true,"href":"http:\/\/www.casariche.es\/index.php?rest_route=%2Fwp%2Fv2%2Ftags&post=5150"}],"curies":[{"name":"wp","href":"https:\/\/api.w.org\/{rel}","templated":true}]}}