{"id":51289,"date":"2023-01-16T19:31:15","date_gmt":"2023-01-16T18:31:15","guid":{"rendered":"https:\/\/www.casariche.es\/?p=51289"},"modified":"2023-01-16T19:31:15","modified_gmt":"2023-01-16T18:31:15","slug":"nuestra-coleccion-museografica-acogera-el-concierto-musicas-del-mundo-a-cargo-de-javier-prieto-trio","status":"publish","type":"post","link":"http:\/\/www.casariche.es\/?p=51289","title":{"rendered":"Nuestra Colecci\u00f3n Museogr\u00e1fica acoger\u00e1 el concierto &#8216;M\u00fasicas del mundo&#8217; a cargo de Javier Prieto Tr\u00edo"},"content":{"rendered":"<p style=\"text-align: justify;\"><strong>Javier Prieto Tr\u00edo<\/strong> ofrecer\u00e1 en Casariche un <strong>concierto que fusiona diferentes m\u00fasicas del mundo<\/strong>. La cita ser\u00e1 el s\u00e1bado <strong>21 de Enero, a las 20:00 h<\/strong>, en nuestra <strong>Colecci\u00f3n Museogr\u00e1fica del Mosaico Romano<\/strong>.<\/p>\n<p style=\"text-align: justify;\">Desde aqu\u00ed <strong>os animamos a disfrutar de esta propuesta musical<\/strong> que unir\u00e1 un amplio registro de ritmos que van desde m\u00fasica africana hasta la latina o la oriental.<\/p>\n<p style=\"text-align: justify;\">Esta actividad se enmarca en el <strong>Oto\u00f1o Invierno Cultural 22-23 Casariche.<\/strong><\/p>\n<p><img loading=\"lazy\" decoding=\"async\" class=\"aligncenter size-full wp-image-51290\" src=\"http:\/\/www.casariche.es\/wp-content\/uploads\/2023\/01\/Cartel-Culturando-09-Javier-Prieto.jpg\" alt=\"\" width=\"842\" height=\"1191\" srcset=\"http:\/\/www.casariche.es\/wp-content\/uploads\/2023\/01\/Cartel-Culturando-09-Javier-Prieto.jpg 842w, http:\/\/www.casariche.es\/wp-content\/uploads\/2023\/01\/Cartel-Culturando-09-Javier-Prieto-212x300.jpg 212w, http:\/\/www.casariche.es\/wp-content\/uploads\/2023\/01\/Cartel-Culturando-09-Javier-Prieto-724x1024.jpg 724w, http:\/\/www.casariche.es\/wp-content\/uploads\/2023\/01\/Cartel-Culturando-09-Javier-Prieto-768x1086.jpg 768w\" sizes=\"auto, (max-width: 842px) 100vw, 842px\" \/><\/p>\n","protected":false},"excerpt":{"rendered":"<p>Javier Prieto Tr\u00edo ofrecer\u00e1 en Casariche un concierto que fusiona diferentes m\u00fasicas del mundo. La cita ser\u00e1 el s\u00e1bado 21 de Enero, a las 20:00<\/p>\n","protected":false},"author":2,"featured_media":51290,"comment_status":"closed","ping_status":"closed","sticky":false,"template":"","format":"standard","meta":{"footnotes":""},"categories":[7,1],"tags":[64,4461,756,4462,1994],"class_list":["post-51289","post","type-post","status-publish","format-standard","has-post-thumbnail","hentry","category-cultura","category-sin-categoria","tag-cultural","tag-javier-prieto","tag-mundo","tag-musicas","tag-trio"],"_links":{"self":[{"href":"http:\/\/www.casariche.es\/index.php?rest_route=\/wp\/v2\/posts\/51289","targetHints":{"allow":["GET"]}}],"collection":[{"href":"http:\/\/www.casariche.es\/index.php?rest_route=\/wp\/v2\/posts"}],"about":[{"href":"http:\/\/www.casariche.es\/index.php?rest_route=\/wp\/v2\/types\/post"}],"author":[{"embeddable":true,"href":"http:\/\/www.casariche.es\/index.php?rest_route=\/wp\/v2\/users\/2"}],"replies":[{"embeddable":true,"href":"http:\/\/www.casariche.es\/index.php?rest_route=%2Fwp%2Fv2%2Fcomments&post=51289"}],"version-history":[{"count":1,"href":"http:\/\/www.casariche.es\/index.php?rest_route=\/wp\/v2\/posts\/51289\/revisions"}],"predecessor-version":[{"id":51291,"href":"http:\/\/www.casariche.es\/index.php?rest_route=\/wp\/v2\/posts\/51289\/revisions\/51291"}],"wp:featuredmedia":[{"embeddable":true,"href":"http:\/\/www.casariche.es\/index.php?rest_route=\/wp\/v2\/media\/51290"}],"wp:attachment":[{"href":"http:\/\/www.casariche.es\/index.php?rest_route=%2Fwp%2Fv2%2Fmedia&parent=51289"}],"wp:term":[{"taxonomy":"category","embeddable":true,"href":"http:\/\/www.casariche.es\/index.php?rest_route=%2Fwp%2Fv2%2Fcategories&post=51289"},{"taxonomy":"post_tag","embeddable":true,"href":"http:\/\/www.casariche.es\/index.php?rest_route=%2Fwp%2Fv2%2Ftags&post=51289"}],"curies":[{"name":"wp","href":"https:\/\/api.w.org\/{rel}","templated":true}]}}