{"id":48917,"date":"2022-10-17T16:15:12","date_gmt":"2022-10-17T14:15:12","guid":{"rendered":"https:\/\/www.casariche.es\/?p=48917"},"modified":"2022-10-17T16:14:44","modified_gmt":"2022-10-17T14:14:44","slug":"el-rosa-fue-mas-que-un-color-ayer-en-casariche-durante-la-viii-marcha-contra-el-cancer-de-mama","status":"publish","type":"post","link":"http:\/\/www.casariche.es\/?p=48917","title":{"rendered":"El &#8216;rosa fue m\u00e1s que un color&#8217; ayer en Casariche durante la VIII Marcha contra el C\u00e1ncer de Mama"},"content":{"rendered":"<p style=\"text-align: justify;\"><strong>El rosa inund\u00f3 ayer las calles de nuestro pueblo<\/strong> durante la <strong>VIII Marcha contra el C\u00e1ncer de Mama, organizada por la Junta Local de la AECC Casariche<\/strong>, que en esta ocasi\u00f3n, se celebr\u00f3 <strong>el domingo por la ma\u00f1ana.<\/strong><\/p>\n<p style=\"text-align: justify;\">A la cabeza de la marcha, <strong>miembros de la Junta Local de la AECC Casariche, voluntarias y afectadas por c\u00e1ncer de mama, portaron la pancarta conmemorativa en la que pod\u00edan leerse los siguientes textos: &#8216;Unidos contra el c\u00e1ncer&#8217; &#8216;Sonr\u00ede a la vida&#8217; y &#8216;Gracias por tu apoyo&#8217;<\/strong>. Tras ellas, <strong>una marea rosa que parti\u00f3 desde la Plaza Alcalde Jos\u00e9 Ram\u00f3n Parrado Cano y concluy\u00f3 en el mismo lugar<\/strong>, donde se llev\u00f3 a cabo la <strong>lectura de un manifiesto<\/strong> por parte de la <strong>Secretaria de la Junta Local de la AECC, Paqui Mar\u00edn<\/strong>, lectura de <strong>agradecimientos a entidades colaboradoras por parte de su Presidenta, Elodia S\u00e1nchez,<\/strong> y despu\u00e9s se realiz\u00f3 el <strong>sorteo de regalos<\/strong> entre todos los participantes que hab\u00edan adquirido la camiseta conmemorativa de la marcha con el lema \u2018El rosa es m\u00e1s que un color\u2019.<\/p>\n<p style=\"text-align: justify;\">Desde la Junta Local queremos <strong><em>\u00abagradecer de coraz\u00f3n a todas las personas que se sumaron ayer a la marcha, mostrando de este modo su apoyo a la investigaci\u00f3n contra el C\u00e1ncer y a todas aquellas personas y familiares que batallan a diario contra esta enfermedad<\/em><\/strong>. <strong><em>T<\/em><em>ambi\u00e9n queremos dar las gracias a todas las empresas, asociaciones, clubes, etc., que un a\u00f1o m\u00e1s, han visibilizado su apoyo a esta causa, con fotograf\u00edas grupales luciendo la camiseta conmemorativa, y c\u00f3mo no, a nuestras voluntarias, entidades colaboradoras, Protecci\u00f3n Civil, vecin@s, Ayuntamiento,\u2026, por habernos arropado y transmitido vuestra fuerza y apoyo incondicional\u00bb.<\/em><\/strong><\/p>\n<p style=\"text-align: justify;\">Por \u00faltimo, nos <strong>ha confirmado la Junta Local que han sobrado algunas camisetas en tallaje grande<\/strong> (XL, 2XL y 3XL). Si alguien est\u00e1 <strong>interesado a\u00fan en adquirir alguna<\/strong>, puede ponerse en <strong>contacto con cualquier miembro de la Directiva y solicitarla.<\/strong><\/p>\n<div id='gallery-1' class='gallery galleryid-48917 gallery-columns-1 gallery-size-full'><figure class='gallery-item'>\n\t\t\t<div class='gallery-icon landscape'>\n\t\t\t\t<a href='http:\/\/www.casariche.es\/?attachment_id=48938'><img loading=\"lazy\" decoding=\"async\" width=\"1600\" height=\"1200\" src=\"http:\/\/www.casariche.es\/wp-content\/uploads\/2022\/10\/WhatsApp-Image-2022-10-17-at-10.40.56.jpeg\" class=\"attachment-full size-full\" alt=\"\" srcset=\"http:\/\/www.casariche.es\/wp-content\/uploads\/2022\/10\/WhatsApp-Image-2022-10-17-at-10.40.56.jpeg 1600w, http:\/\/www.casariche.es\/wp-content\/uploads\/2022\/10\/WhatsApp-Image-2022-10-17-at-10.40.56-300x225.jpeg 300w, http:\/\/www.casariche.es\/wp-content\/uploads\/2022\/10\/WhatsApp-Image-2022-10-17-at-10.40.56-1024x768.jpeg 1024w, http:\/\/www.casariche.es\/wp-content\/uploads\/2022\/10\/WhatsApp-Image-2022-10-17-at-10.40.56-768x576.jpeg 768w, http:\/\/www.casariche.es\/wp-content\/uploads\/2022\/10\/WhatsApp-Image-2022-10-17-at-10.40.56-1536x1152.jpeg 1536w, http:\/\/www.casariche.es\/wp-content\/uploads\/2022\/10\/WhatsApp-Image-2022-10-17-at-10.40.56-100x75.jpeg 100w\" sizes=\"auto, (max-width: 1600px) 100vw, 1600px\" \/><\/a>\n\t\t\t<\/div><\/figure><figure class='gallery-item'>\n\t\t\t<div class='gallery-icon landscape'>\n\t\t\t\t<a href='http:\/\/www.casariche.es\/?attachment_id=48939'><img loading=\"lazy\" decoding=\"async\" width=\"1600\" height=\"1200\" src=\"http:\/\/www.casariche.es\/wp-content\/uploads\/2022\/10\/WhatsApp-Image-2022-10-17-at-10.40.57.jpeg\" class=\"attachment-full size-full\" alt=\"\" srcset=\"http:\/\/www.casariche.es\/wp-content\/uploads\/2022\/10\/WhatsApp-Image-2022-10-17-at-10.40.57.jpeg 1600w, http:\/\/www.casariche.es\/wp-content\/uploads\/2022\/10\/WhatsApp-Image-2022-10-17-at-10.40.57-300x225.jpeg 300w, http:\/\/www.casariche.es\/wp-content\/uploads\/2022\/10\/WhatsApp-Image-2022-10-17-at-10.40.57-1024x768.jpeg 1024w, http:\/\/www.casariche.es\/wp-content\/uploads\/2022\/10\/WhatsApp-Image-2022-10-17-at-10.40.57-768x576.jpeg 768w, http:\/\/www.casariche.es\/wp-content\/uploads\/2022\/10\/WhatsApp-Image-2022-10-17-at-10.40.57-1536x1152.jpeg 1536w, http:\/\/www.casariche.es\/wp-content\/uploads\/2022\/10\/WhatsApp-Image-2022-10-17-at-10.40.57-100x75.jpeg 100w\" sizes=\"auto, (max-width: 1600px) 100vw, 1600px\" \/><\/a>\n\t\t\t<\/div><\/figure><figure class='gallery-item'>\n\t\t\t<div class='gallery-icon landscape'>\n\t\t\t\t<a href='http:\/\/www.casariche.es\/?attachment_id=48941'><img loading=\"lazy\" decoding=\"async\" width=\"1600\" height=\"1200\" src=\"http:\/\/www.casariche.es\/wp-content\/uploads\/2022\/10\/WhatsApp-Image-2022-10-17-at-10.40.58.jpeg\" class=\"attachment-full size-full\" alt=\"\" srcset=\"http:\/\/www.casariche.es\/wp-content\/uploads\/2022\/10\/WhatsApp-Image-2022-10-17-at-10.40.58.jpeg 1600w, http:\/\/www.casariche.es\/wp-content\/uploads\/2022\/10\/WhatsApp-Image-2022-10-17-at-10.40.58-300x225.jpeg 300w, http:\/\/www.casariche.es\/wp-content\/uploads\/2022\/10\/WhatsApp-Image-2022-10-17-at-10.40.58-1024x768.jpeg 1024w, http:\/\/www.casariche.es\/wp-content\/uploads\/2022\/10\/WhatsApp-Image-2022-10-17-at-10.40.58-768x576.jpeg 768w, http:\/\/www.casariche.es\/wp-content\/uploads\/2022\/10\/WhatsApp-Image-2022-10-17-at-10.40.58-1536x1152.jpeg 1536w, http:\/\/www.casariche.es\/wp-content\/uploads\/2022\/10\/WhatsApp-Image-2022-10-17-at-10.40.58-100x75.jpeg 100w\" sizes=\"auto, (max-width: 1600px) 100vw, 1600px\" \/><\/a>\n\t\t\t<\/div><\/figure><figure class='gallery-item'>\n\t\t\t<div class='gallery-icon portrait'>\n\t\t\t\t<a href='http:\/\/www.casariche.es\/?attachment_id=48940'><img loading=\"lazy\" decoding=\"async\" width=\"1536\" height=\"2048\" src=\"http:\/\/www.casariche.es\/wp-content\/uploads\/2022\/10\/WhatsApp-Image-2022-10-17-at-10.40.58-1.jpeg\" class=\"attachment-full size-full\" alt=\"\" srcset=\"http:\/\/www.casariche.es\/wp-content\/uploads\/2022\/10\/WhatsApp-Image-2022-10-17-at-10.40.58-1.jpeg 1536w, http:\/\/www.casariche.es\/wp-content\/uploads\/2022\/10\/WhatsApp-Image-2022-10-17-at-10.40.58-1-225x300.jpeg 225w, http:\/\/www.casariche.es\/wp-content\/uploads\/2022\/10\/WhatsApp-Image-2022-10-17-at-10.40.58-1-768x1024.jpeg 768w, http:\/\/www.casariche.es\/wp-content\/uploads\/2022\/10\/WhatsApp-Image-2022-10-17-at-10.40.58-1-1152x1536.jpeg 1152w\" sizes=\"auto, (max-width: 1536px) 100vw, 1536px\" \/><\/a>\n\t\t\t<\/div><\/figure>\n\t\t<\/div>\n\n","protected":false},"excerpt":{"rendered":"<p>El rosa inund\u00f3 ayer las calles de nuestro pueblo durante la VIII Marcha contra el C\u00e1ncer de Mama, organizada por la Junta Local de la<\/p>\n","protected":false},"author":2,"featured_media":48941,"comment_status":"closed","ping_status":"closed","sticky":false,"template":"","format":"standard","meta":{"footnotes":""},"categories":[1,6],"tags":[256,737,253,1021],"class_list":["post-48917","post","type-post","status-publish","format-standard","has-post-thumbnail","hentry","category-sin-categoria","category-bienestar-social","tag-cancer","tag-mama","tag-marcha","tag-rosa"],"_links":{"self":[{"href":"http:\/\/www.casariche.es\/index.php?rest_route=\/wp\/v2\/posts\/48917","targetHints":{"allow":["GET"]}}],"collection":[{"href":"http:\/\/www.casariche.es\/index.php?rest_route=\/wp\/v2\/posts"}],"about":[{"href":"http:\/\/www.casariche.es\/index.php?rest_route=\/wp\/v2\/types\/post"}],"author":[{"embeddable":true,"href":"http:\/\/www.casariche.es\/index.php?rest_route=\/wp\/v2\/users\/2"}],"replies":[{"embeddable":true,"href":"http:\/\/www.casariche.es\/index.php?rest_route=%2Fwp%2Fv2%2Fcomments&post=48917"}],"version-history":[{"count":5,"href":"http:\/\/www.casariche.es\/index.php?rest_route=\/wp\/v2\/posts\/48917\/revisions"}],"predecessor-version":[{"id":48942,"href":"http:\/\/www.casariche.es\/index.php?rest_route=\/wp\/v2\/posts\/48917\/revisions\/48942"}],"wp:featuredmedia":[{"embeddable":true,"href":"http:\/\/www.casariche.es\/index.php?rest_route=\/wp\/v2\/media\/48941"}],"wp:attachment":[{"href":"http:\/\/www.casariche.es\/index.php?rest_route=%2Fwp%2Fv2%2Fmedia&parent=48917"}],"wp:term":[{"taxonomy":"category","embeddable":true,"href":"http:\/\/www.casariche.es\/index.php?rest_route=%2Fwp%2Fv2%2Fcategories&post=48917"},{"taxonomy":"post_tag","embeddable":true,"href":"http:\/\/www.casariche.es\/index.php?rest_route=%2Fwp%2Fv2%2Ftags&post=48917"}],"curies":[{"name":"wp","href":"https:\/\/api.w.org\/{rel}","templated":true}]}}