{"id":48675,"date":"2022-10-04T17:00:08","date_gmt":"2022-10-04T15:00:08","guid":{"rendered":"https:\/\/www.casariche.es\/?p=48675"},"modified":"2022-10-07T12:08:24","modified_gmt":"2022-10-07T10:08:24","slug":"las-camisetas-de-la-viii-marcha-contra-el-cancer-podran-adquirirse-a-partir-de-manana","status":"publish","type":"post","link":"http:\/\/www.casariche.es\/?p=48675","title":{"rendered":"Las camisetas de la VIII Marcha contra el C\u00e1ncer podr\u00e1n adquirirse a partir de ma\u00f1ana"},"content":{"rendered":"<p style=\"text-align: justify;\">Como ya adelantamos, la <strong>VIII Marcha contra el C\u00e1ncer de Mama<\/strong>, organizada por la Junta Local de la AECC Casariche, se celebra el <strong>domingo 16 de Octubre, a las 11:00 h<\/strong> de la ma\u00f1ana.<\/p>\n<p style=\"text-align: justify;\">Seg\u00fan nos ha informado la Junta Local de la AECC Casariche, <em>\u00abla primera remesa de camisetas de la marcha ha llegado ya a Casariche y el grupo de voluntarias ir\u00e1 esta tarde a clasificarlas y ordenarlas, por lo que <strong>se pondr\u00e1n a la venta a partir de ma\u00f1ana mi\u00e9rcoles 5 de Octubre, en la C\/ Ra\u00fal Berral, al lado de la panader\u00eda El Polvillo, de lunes a viernes, en horario de 10:30 h a 12:00 h, por las ma\u00f1anas, y de 18:00 h a 20:00 h, por las tardes<\/strong>\u00ab.<\/em><\/p>\n<p style=\"text-align: justify;\">\u00a1<strong>Os esperamos<\/strong> para formalizar vuestra inscripci\u00f3n y recoger vuestra camiseta para esta marcha solidaria de apoyo a la lucha contra el c\u00e1ncer!<\/p>\n<p><img loading=\"lazy\" decoding=\"async\" class=\"aligncenter size-full wp-image-48678\" src=\"http:\/\/www.casariche.es\/wp-content\/uploads\/2022\/10\/marcha-cancer-casariche-16-octubre.jpeg\" alt=\"\" width=\"1131\" height=\"1600\" srcset=\"http:\/\/www.casariche.es\/wp-content\/uploads\/2022\/10\/marcha-cancer-casariche-16-octubre.jpeg 1131w, http:\/\/www.casariche.es\/wp-content\/uploads\/2022\/10\/marcha-cancer-casariche-16-octubre-212x300.jpeg 212w, http:\/\/www.casariche.es\/wp-content\/uploads\/2022\/10\/marcha-cancer-casariche-16-octubre-724x1024.jpeg 724w, http:\/\/www.casariche.es\/wp-content\/uploads\/2022\/10\/marcha-cancer-casariche-16-octubre-768x1086.jpeg 768w, http:\/\/www.casariche.es\/wp-content\/uploads\/2022\/10\/marcha-cancer-casariche-16-octubre-1086x1536.jpeg 1086w\" sizes=\"auto, (max-width: 1131px) 100vw, 1131px\" \/><\/p>\n<p><img loading=\"lazy\" decoding=\"async\" class=\"aligncenter size-full wp-image-48459\" src=\"http:\/\/www.casariche.es\/wp-content\/uploads\/2022\/09\/viii-marcha-contra-el-cancer-casariche.jpg\" alt=\"\" width=\"1137\" height=\"1600\" srcset=\"http:\/\/www.casariche.es\/wp-content\/uploads\/2022\/09\/viii-marcha-contra-el-cancer-casariche.jpg 1137w, http:\/\/www.casariche.es\/wp-content\/uploads\/2022\/09\/viii-marcha-contra-el-cancer-casariche-213x300.jpg 213w, http:\/\/www.casariche.es\/wp-content\/uploads\/2022\/09\/viii-marcha-contra-el-cancer-casariche-728x1024.jpg 728w, http:\/\/www.casariche.es\/wp-content\/uploads\/2022\/09\/viii-marcha-contra-el-cancer-casariche-768x1081.jpg 768w, http:\/\/www.casariche.es\/wp-content\/uploads\/2022\/09\/viii-marcha-contra-el-cancer-casariche-1092x1536.jpg 1092w\" sizes=\"auto, (max-width: 1137px) 100vw, 1137px\" \/><\/p>\n<p>&nbsp;<\/p>\n","protected":false},"excerpt":{"rendered":"<p>Como ya adelantamos, la VIII Marcha contra el C\u00e1ncer de Mama, organizada por la Junta Local de la AECC Casariche, se celebra el domingo 16<\/p>\n","protected":false},"author":2,"featured_media":48678,"comment_status":"closed","ping_status":"closed","sticky":false,"template":"","format":"standard","meta":{"footnotes":""},"categories":[1],"tags":[1201,256,737,253,2622],"class_list":["post-48675","post","type-post","status-publish","format-standard","has-post-thumbnail","hentry","category-sin-categoria","tag-camisetas","tag-cancer","tag-mama","tag-marcha","tag-venta"],"_links":{"self":[{"href":"http:\/\/www.casariche.es\/index.php?rest_route=\/wp\/v2\/posts\/48675","targetHints":{"allow":["GET"]}}],"collection":[{"href":"http:\/\/www.casariche.es\/index.php?rest_route=\/wp\/v2\/posts"}],"about":[{"href":"http:\/\/www.casariche.es\/index.php?rest_route=\/wp\/v2\/types\/post"}],"author":[{"embeddable":true,"href":"http:\/\/www.casariche.es\/index.php?rest_route=\/wp\/v2\/users\/2"}],"replies":[{"embeddable":true,"href":"http:\/\/www.casariche.es\/index.php?rest_route=%2Fwp%2Fv2%2Fcomments&post=48675"}],"version-history":[{"count":5,"href":"http:\/\/www.casariche.es\/index.php?rest_route=\/wp\/v2\/posts\/48675\/revisions"}],"predecessor-version":[{"id":48796,"href":"http:\/\/www.casariche.es\/index.php?rest_route=\/wp\/v2\/posts\/48675\/revisions\/48796"}],"wp:featuredmedia":[{"embeddable":true,"href":"http:\/\/www.casariche.es\/index.php?rest_route=\/wp\/v2\/media\/48678"}],"wp:attachment":[{"href":"http:\/\/www.casariche.es\/index.php?rest_route=%2Fwp%2Fv2%2Fmedia&parent=48675"}],"wp:term":[{"taxonomy":"category","embeddable":true,"href":"http:\/\/www.casariche.es\/index.php?rest_route=%2Fwp%2Fv2%2Fcategories&post=48675"},{"taxonomy":"post_tag","embeddable":true,"href":"http:\/\/www.casariche.es\/index.php?rest_route=%2Fwp%2Fv2%2Ftags&post=48675"}],"curies":[{"name":"wp","href":"https:\/\/api.w.org\/{rel}","templated":true}]}}