{"id":47784,"date":"2022-08-30T13:00:57","date_gmt":"2022-08-30T11:00:57","guid":{"rendered":"https:\/\/www.casariche.es\/?p=47784"},"modified":"2022-08-30T13:00:57","modified_gmt":"2022-08-30T11:00:57","slug":"aplazada-la-noche-astronomica-en-el-torcal-de-antequera-por-inclemencias-meteorologicas-para-el-proximo-martes-dia-6-de-septiembre-abriendose-nuevamente-las-inscripciones","status":"publish","type":"post","link":"http:\/\/www.casariche.es\/?p=47784","title":{"rendered":"Aplazada la &#8216;Noche Astron\u00f3mica&#8217; en el Torcal de Antequera por inclemencias meteorol\u00f3gicas, para el pr\u00f3ximo martes d\u00eda 6 de septiembre, abri\u00e9ndose nuevamente las inscripciones"},"content":{"rendered":"<p>Debido a la previsi\u00f3n meteorol\u00f3gica de esta tarde-noche en el Torcal de Antequera, se ha aplazado la &#8216;Noche Astron\u00f3mica&#8217; y la ruta senderista programada para hoy, ya que no se podr\u00eda apreciar correctamente el cielo.<\/p>\n<p>La nueva fecha ser\u00e1 el martes d\u00eda 6 de septiembre, siendo la <strong>salida desde Casariche a las 19:00 h<\/strong>, desde el <strong>parque Juli\u00e1n Besteiro<\/strong>, y el regreso a nuestro municipio sobre la medianoche.<\/p>\n<p>Como a\u00fan quedaban algunas plazas disponibles, se abre de nuevo el plazo de inscripci\u00f3n para que se sumen todas aquellas personas que lo deseen. La cuota de participaci\u00f3n es de <strong>10\u201900\u20ac\/persona<\/strong> y se recomienda llevar ropa y calzado adecuado para caminar, linterna, comida, agua, ropa de abrigo y silla plegable a ser posible.\u00a0 Los menores deber\u00e1n ir acompa\u00f1ados de un adulto.<\/p>\n<p>M\u00e1s\u00a0informaci\u00f3n\u00a0en la\u00a0Casa de la Juventud, en las redes sociales de la Delegaci\u00f3n de Juventud y\/o en el tel\u00e9fono: 667543228. Las\u00a0<strong>inscripciones deben hacerse en el portal de inscripciones del Ayuntamiento:\u00a0<\/strong><a href=\"https:\/\/inscripciones.casariche.es\/\">https:\/\/inscripciones.casariche.es<\/a><\/p>\n<p style=\"text-align: center;\"><a href=\"http:\/\/www.casariche.es\/wp-content\/uploads\/2022\/08\/noche-astronomica-2-1.jpg\"><img loading=\"lazy\" decoding=\"async\" class=\"aligncenter wp-image-47789 size-large\" src=\"http:\/\/www.casariche.es\/wp-content\/uploads\/2022\/08\/noche-astronomica-2-1-1024x724.jpg\" alt=\"\" width=\"750\" height=\"530\" srcset=\"http:\/\/www.casariche.es\/wp-content\/uploads\/2022\/08\/noche-astronomica-2-1-1024x724.jpg 1024w, http:\/\/www.casariche.es\/wp-content\/uploads\/2022\/08\/noche-astronomica-2-1-300x212.jpg 300w, http:\/\/www.casariche.es\/wp-content\/uploads\/2022\/08\/noche-astronomica-2-1-768x543.jpg 768w, http:\/\/www.casariche.es\/wp-content\/uploads\/2022\/08\/noche-astronomica-2-1-1536x1086.jpg 1536w, http:\/\/www.casariche.es\/wp-content\/uploads\/2022\/08\/noche-astronomica-2-1-2048x1448.jpg 2048w\" sizes=\"auto, (max-width: 750px) 100vw, 750px\" \/><\/a><\/p>\n","protected":false},"excerpt":{"rendered":"<p>Debido a la previsi\u00f3n meteorol\u00f3gica de esta tarde-noche en el Torcal de Antequera, se ha aplazado la &#8216;Noche Astron\u00f3mica&#8217; y la ruta senderista programada para<\/p>\n","protected":false},"author":1,"featured_media":47789,"comment_status":"closed","ping_status":"closed","sticky":false,"template":"","format":"standard","meta":{"footnotes":""},"categories":[1,22],"tags":[13,718,4344,332,4324],"class_list":["post-47784","post","type-post","status-publish","format-standard","has-post-thumbnail","hentry","category-sin-categoria","category-juventud","tag-casariche","tag-juventud-2","tag-noche-astronomica","tag-ruta","tag-torcal"],"_links":{"self":[{"href":"http:\/\/www.casariche.es\/index.php?rest_route=\/wp\/v2\/posts\/47784","targetHints":{"allow":["GET"]}}],"collection":[{"href":"http:\/\/www.casariche.es\/index.php?rest_route=\/wp\/v2\/posts"}],"about":[{"href":"http:\/\/www.casariche.es\/index.php?rest_route=\/wp\/v2\/types\/post"}],"author":[{"embeddable":true,"href":"http:\/\/www.casariche.es\/index.php?rest_route=\/wp\/v2\/users\/1"}],"replies":[{"embeddable":true,"href":"http:\/\/www.casariche.es\/index.php?rest_route=%2Fwp%2Fv2%2Fcomments&post=47784"}],"version-history":[{"count":4,"href":"http:\/\/www.casariche.es\/index.php?rest_route=\/wp\/v2\/posts\/47784\/revisions"}],"predecessor-version":[{"id":47790,"href":"http:\/\/www.casariche.es\/index.php?rest_route=\/wp\/v2\/posts\/47784\/revisions\/47790"}],"wp:featuredmedia":[{"embeddable":true,"href":"http:\/\/www.casariche.es\/index.php?rest_route=\/wp\/v2\/media\/47789"}],"wp:attachment":[{"href":"http:\/\/www.casariche.es\/index.php?rest_route=%2Fwp%2Fv2%2Fmedia&parent=47784"}],"wp:term":[{"taxonomy":"category","embeddable":true,"href":"http:\/\/www.casariche.es\/index.php?rest_route=%2Fwp%2Fv2%2Fcategories&post=47784"},{"taxonomy":"post_tag","embeddable":true,"href":"http:\/\/www.casariche.es\/index.php?rest_route=%2Fwp%2Fv2%2Ftags&post=47784"}],"curies":[{"name":"wp","href":"https:\/\/api.w.org\/{rel}","templated":true}]}}