{"id":46624,"date":"2022-07-04T10:40:28","date_gmt":"2022-07-04T08:40:28","guid":{"rendered":"https:\/\/www.casariche.es\/?p=46624"},"modified":"2022-07-04T10:40:28","modified_gmt":"2022-07-04T08:40:28","slug":"este-miercoles-6-de-julio-os-invitamos-a-la-presentacion-en-casariche-de-la-duquesa-de-benameji","status":"publish","type":"post","link":"http:\/\/www.casariche.es\/?p=46624","title":{"rendered":"Este mi\u00e9rcoles 6 de Julio os invitamos a la presentaci\u00f3n en Casariche de &#8216;La Duquesa de Benamej\u00ed&#8217;"},"content":{"rendered":"<p style=\"text-align: justify;\">La <strong>Plaza Alcalde Jos\u00e9 Ram\u00f3n Parrado Cano<\/strong> ser\u00e1 escenario este mi\u00e9rcoles <strong>6 de Julio<\/strong> de la <strong>presentaci\u00f3n<\/strong> en nuestra localidad de <strong>&#8216;La Duquesa de Benamej\u00ed&#8217;<\/strong>,\u00a0 un espect\u00e1culo cultural se vivir\u00e1 los d\u00edas <strong>5, 6 y 7 de Agosto en Benamej\u00ed<\/strong> y que propone al espectador un <strong>viaje en el tiempo de la mano del teatro, cantes, bailes, tradiciones, historia y caballos<\/strong>.<\/p>\n<p style=\"text-align: justify;\">Durante el acto de presentaci\u00f3n, que dar\u00e1 comienzo a las <strong>22:00 h<\/strong>, se realizar\u00e1 el <strong>sorteo de 2 entradas gratuitas<\/strong>.<\/p>\n<p style=\"text-align: justify;\">\u00a1Os esperamos!<\/p>\n<p><img loading=\"lazy\" decoding=\"async\" class=\"aligncenter size-full wp-image-46625\" src=\"http:\/\/www.casariche.es\/wp-content\/uploads\/2022\/07\/la-duquesa-de-benameji-6-julio.jpeg\" alt=\"\" width=\"1130\" height=\"1600\" srcset=\"http:\/\/www.casariche.es\/wp-content\/uploads\/2022\/07\/la-duquesa-de-benameji-6-julio.jpeg 1130w, http:\/\/www.casariche.es\/wp-content\/uploads\/2022\/07\/la-duquesa-de-benameji-6-julio-212x300.jpeg 212w, http:\/\/www.casariche.es\/wp-content\/uploads\/2022\/07\/la-duquesa-de-benameji-6-julio-723x1024.jpeg 723w, http:\/\/www.casariche.es\/wp-content\/uploads\/2022\/07\/la-duquesa-de-benameji-6-julio-768x1087.jpeg 768w, http:\/\/www.casariche.es\/wp-content\/uploads\/2022\/07\/la-duquesa-de-benameji-6-julio-1085x1536.jpeg 1085w\" sizes=\"auto, (max-width: 1130px) 100vw, 1130px\" \/><\/p>\n","protected":false},"excerpt":{"rendered":"<p>La Plaza Alcalde Jos\u00e9 Ram\u00f3n Parrado Cano ser\u00e1 escenario este mi\u00e9rcoles 6 de Julio de la presentaci\u00f3n en nuestra localidad de &#8216;La Duquesa de Benamej\u00ed&#8217;,\u00a0<\/p>\n","protected":false},"author":2,"featured_media":46625,"comment_status":"closed","ping_status":"closed","sticky":false,"template":"","format":"standard","meta":{"footnotes":""},"categories":[1],"tags":[3847,64,4288,213,915],"class_list":["post-46624","post","type-post","status-publish","format-standard","has-post-thumbnail","hentry","category-sin-categoria","tag-benameji","tag-cultural","tag-duqesa","tag-espectaculo","tag-presentacion"],"_links":{"self":[{"href":"http:\/\/www.casariche.es\/index.php?rest_route=\/wp\/v2\/posts\/46624","targetHints":{"allow":["GET"]}}],"collection":[{"href":"http:\/\/www.casariche.es\/index.php?rest_route=\/wp\/v2\/posts"}],"about":[{"href":"http:\/\/www.casariche.es\/index.php?rest_route=\/wp\/v2\/types\/post"}],"author":[{"embeddable":true,"href":"http:\/\/www.casariche.es\/index.php?rest_route=\/wp\/v2\/users\/2"}],"replies":[{"embeddable":true,"href":"http:\/\/www.casariche.es\/index.php?rest_route=%2Fwp%2Fv2%2Fcomments&post=46624"}],"version-history":[{"count":1,"href":"http:\/\/www.casariche.es\/index.php?rest_route=\/wp\/v2\/posts\/46624\/revisions"}],"predecessor-version":[{"id":46626,"href":"http:\/\/www.casariche.es\/index.php?rest_route=\/wp\/v2\/posts\/46624\/revisions\/46626"}],"wp:featuredmedia":[{"embeddable":true,"href":"http:\/\/www.casariche.es\/index.php?rest_route=\/wp\/v2\/media\/46625"}],"wp:attachment":[{"href":"http:\/\/www.casariche.es\/index.php?rest_route=%2Fwp%2Fv2%2Fmedia&parent=46624"}],"wp:term":[{"taxonomy":"category","embeddable":true,"href":"http:\/\/www.casariche.es\/index.php?rest_route=%2Fwp%2Fv2%2Fcategories&post=46624"},{"taxonomy":"post_tag","embeddable":true,"href":"http:\/\/www.casariche.es\/index.php?rest_route=%2Fwp%2Fv2%2Ftags&post=46624"}],"curies":[{"name":"wp","href":"https:\/\/api.w.org\/{rel}","templated":true}]}}