{"id":46315,"date":"2022-06-27T15:00:36","date_gmt":"2022-06-27T13:00:36","guid":{"rendered":"http:\/\/www.casariche.es\/?p=46315"},"modified":"2022-06-27T10:44:25","modified_gmt":"2022-06-27T08:44:25","slug":"durante-el-dia-de-hoy-lunes-27-de-junio-se-producira-un-corte-programado-en-el-suministro-de-agua","status":"publish","type":"post","link":"http:\/\/www.casariche.es\/?p=46315","title":{"rendered":"Durante el d\u00eda de hoy, lunes 27 de junio, se producir\u00e1 un corte programado en el suministro de agua"},"content":{"rendered":"<div class=\"entry-content clearfix\">\n<div class=\"entry-content clearfix\">\n<div class=\"entry-content clearfix\">\n<div class=\"entry-content clearfix\">\n<div class=\"entry-content clearfix\">\n<p>Debido a la escasez de agua en los pozos de uso municipal, est\u00e1 programado <strong>un corte en el suministro de agua potable durante el d\u00eda de hoy, lunes 27 de junio. El restablecimiento del suministro se producir\u00e1 a primera de la ma\u00f1ana del martes 28 de junio.<br \/>\n<\/strong><\/p>\n<p><strong>Rogamos a la ciudadan\u00eda que se haga un uso mucho m\u00e1s responsable del agua<\/strong>, ya que en los \u00faltimos d\u00edas se ha detectado un consumo de la misma a\u00fan mayor del habitual. Cuidemos del agua, es un bien com\u00fan.<\/p>\n<p>Este corte temporal afectar\u00e1 a todo el municipio. Rogamos, comprendan la situaci\u00f3n y disculpen las molestias.<\/p>\n<\/div>\n<\/div>\n<\/div>\n<\/div>\n<\/div>\n","protected":false},"excerpt":{"rendered":"<p>Debido a la escasez de agua en los pozos de uso municipal, est\u00e1 programado un corte en el suministro de agua potable durante el d\u00eda<\/p>\n","protected":false},"author":1,"featured_media":44334,"comment_status":"closed","ping_status":"closed","sticky":false,"template":"","format":"standard","meta":{"footnotes":""},"categories":[1],"tags":[34,125,4134],"class_list":["post-46315","post","type-post","status-publish","format-standard","has-post-thumbnail","hentry","category-sin-categoria","tag-agua","tag-corte","tag-programado"],"_links":{"self":[{"href":"http:\/\/www.casariche.es\/index.php?rest_route=\/wp\/v2\/posts\/46315","targetHints":{"allow":["GET"]}}],"collection":[{"href":"http:\/\/www.casariche.es\/index.php?rest_route=\/wp\/v2\/posts"}],"about":[{"href":"http:\/\/www.casariche.es\/index.php?rest_route=\/wp\/v2\/types\/post"}],"author":[{"embeddable":true,"href":"http:\/\/www.casariche.es\/index.php?rest_route=\/wp\/v2\/users\/1"}],"replies":[{"embeddable":true,"href":"http:\/\/www.casariche.es\/index.php?rest_route=%2Fwp%2Fv2%2Fcomments&post=46315"}],"version-history":[{"count":2,"href":"http:\/\/www.casariche.es\/index.php?rest_route=\/wp\/v2\/posts\/46315\/revisions"}],"predecessor-version":[{"id":46317,"href":"http:\/\/www.casariche.es\/index.php?rest_route=\/wp\/v2\/posts\/46315\/revisions\/46317"}],"wp:featuredmedia":[{"embeddable":true,"href":"http:\/\/www.casariche.es\/index.php?rest_route=\/wp\/v2\/media\/44334"}],"wp:attachment":[{"href":"http:\/\/www.casariche.es\/index.php?rest_route=%2Fwp%2Fv2%2Fmedia&parent=46315"}],"wp:term":[{"taxonomy":"category","embeddable":true,"href":"http:\/\/www.casariche.es\/index.php?rest_route=%2Fwp%2Fv2%2Fcategories&post=46315"},{"taxonomy":"post_tag","embeddable":true,"href":"http:\/\/www.casariche.es\/index.php?rest_route=%2Fwp%2Fv2%2Ftags&post=46315"}],"curies":[{"name":"wp","href":"https:\/\/api.w.org\/{rel}","templated":true}]}}