{"id":46112,"date":"2022-06-15T11:50:32","date_gmt":"2022-06-15T09:50:32","guid":{"rendered":"http:\/\/www.casariche.es\/?p=46112"},"modified":"2022-06-16T12:57:30","modified_gmt":"2022-06-16T10:57:30","slug":"el-taller-infantil-prepara-tu-rfv-vuelve-a-nuestra-coleccion-museografica","status":"publish","type":"post","link":"http:\/\/www.casariche.es\/?p=46112","title":{"rendered":"El taller infantil \u201cPrepara tu RFV\u201d vuelve a nuestra Colecci\u00f3n Museogr\u00e1fica"},"content":{"rendered":"<p style=\"text-align: justify;\">Cada vez est\u00e1 m\u00e1s cerca nuestro esperado Romanorum Festum Ventippo y, si a\u00fan no tienes claro c\u00f3mo vestir a tu hijo\/a, <strong>nuestra Colecci\u00f3n vuelve a poner en marcha el taller infantil \u00abPrepara tu RFV\u00bb<\/strong>, cuya primera edici\u00f3n fue un \u00e9xito, <strong>para que nuestros peques puedan preparar sus atuendos y lucir como aut\u00e9nticos romanos y romanas los d\u00edas 1 y 2 de Julio<\/strong>.<\/p>\n<p style=\"text-align: justify;\">Este taller se desarrollar\u00e1 los d\u00edas <strong>22 y 23 de Junio en horario de 19:00 h a 20:30 h<\/strong> y las <strong>inscripciones deben hacerse en las redes sociales de la Colecci\u00f3n<\/strong> y\/o a trav\u00e9s de <strong>llamada o WhatsApp<\/strong> en el tel\u00e9fono <strong>607 97 29 46<\/strong>.<\/p>\n<p style=\"text-align: justify;\">\u00a1No lo dejes para m\u00e1s tarde y <strong>haz ya tu inscripci\u00f3n antes de que se agoten las plazas<\/strong>!<\/p>\n<p><img loading=\"lazy\" decoding=\"async\" class=\"alignnone size-medium wp-image-46114\" src=\"http:\/\/www.casariche.es\/wp-content\/uploads\/2022\/06\/prepara-tu-rfv-211x300.jpg\" alt=\"\" width=\"211\" height=\"300\" srcset=\"http:\/\/www.casariche.es\/wp-content\/uploads\/2022\/06\/prepara-tu-rfv-211x300.jpg 211w, http:\/\/www.casariche.es\/wp-content\/uploads\/2022\/06\/prepara-tu-rfv-721x1024.jpg 721w, http:\/\/www.casariche.es\/wp-content\/uploads\/2022\/06\/prepara-tu-rfv-768x1091.jpg 768w, http:\/\/www.casariche.es\/wp-content\/uploads\/2022\/06\/prepara-tu-rfv-1081x1536.jpg 1081w, http:\/\/www.casariche.es\/wp-content\/uploads\/2022\/06\/prepara-tu-rfv.jpg 1351w\" sizes=\"auto, (max-width: 211px) 100vw, 211px\" \/><\/p>\n","protected":false},"excerpt":{"rendered":"<p>Cada vez est\u00e1 m\u00e1s cerca nuestro esperado Romanorum Festum Ventippo y, si a\u00fan no tienes claro c\u00f3mo vestir a tu hijo\/a, nuestra Colecci\u00f3n vuelve a<\/p>\n","protected":false},"author":2,"featured_media":46114,"comment_status":"closed","ping_status":"closed","sticky":false,"template":"","format":"standard","meta":{"footnotes":""},"categories":[7,1],"tags":[59,4212,58,62,60,4243],"class_list":["post-46112","post","type-post","status-publish","format-standard","has-post-thumbnail","hentry","category-cultura","category-sin-categoria","tag-festum","tag-prepara","tag-romanorum","tag-taller","tag-ventippo","tag-vestir"],"_links":{"self":[{"href":"http:\/\/www.casariche.es\/index.php?rest_route=\/wp\/v2\/posts\/46112","targetHints":{"allow":["GET"]}}],"collection":[{"href":"http:\/\/www.casariche.es\/index.php?rest_route=\/wp\/v2\/posts"}],"about":[{"href":"http:\/\/www.casariche.es\/index.php?rest_route=\/wp\/v2\/types\/post"}],"author":[{"embeddable":true,"href":"http:\/\/www.casariche.es\/index.php?rest_route=\/wp\/v2\/users\/2"}],"replies":[{"embeddable":true,"href":"http:\/\/www.casariche.es\/index.php?rest_route=%2Fwp%2Fv2%2Fcomments&post=46112"}],"version-history":[{"count":2,"href":"http:\/\/www.casariche.es\/index.php?rest_route=\/wp\/v2\/posts\/46112\/revisions"}],"predecessor-version":[{"id":46115,"href":"http:\/\/www.casariche.es\/index.php?rest_route=\/wp\/v2\/posts\/46112\/revisions\/46115"}],"wp:featuredmedia":[{"embeddable":true,"href":"http:\/\/www.casariche.es\/index.php?rest_route=\/wp\/v2\/media\/46114"}],"wp:attachment":[{"href":"http:\/\/www.casariche.es\/index.php?rest_route=%2Fwp%2Fv2%2Fmedia&parent=46112"}],"wp:term":[{"taxonomy":"category","embeddable":true,"href":"http:\/\/www.casariche.es\/index.php?rest_route=%2Fwp%2Fv2%2Fcategories&post=46112"},{"taxonomy":"post_tag","embeddable":true,"href":"http:\/\/www.casariche.es\/index.php?rest_route=%2Fwp%2Fv2%2Ftags&post=46112"}],"curies":[{"name":"wp","href":"https:\/\/api.w.org\/{rel}","templated":true}]}}