{"id":41670,"date":"2021-11-30T19:00:47","date_gmt":"2021-11-30T18:00:47","guid":{"rendered":"https:\/\/www.casariche.es\/?p=41670"},"modified":"2021-12-10T11:45:38","modified_gmt":"2021-12-10T10:45:38","slug":"el-belen-municipal-de-casariche-se-podra-visitar-del-4-de-diciembre-al-9-de-enero-en-nuestra-coleccion-museografica","status":"publish","type":"post","link":"http:\/\/www.casariche.es\/?p=41670","title":{"rendered":"El Bel\u00e9n Municipal de Casariche se podr\u00e1 visitar del 4 de Diciembre al 9 de Enero en nuestra Colecci\u00f3n Museogr\u00e1fica"},"content":{"rendered":"<header class=\"entry-header\">\n<div class=\"entry-meta\" style=\"text-align: justify;\"><span style=\"text-align: justify; font-size: 1rem;\">Un a\u00f1o m\u00e1s nuestra Colecci\u00f3n Museogr\u00e1fica se viste de Navidad con el Bel\u00e9n Municipal que podr\u00e1 podr\u00e1 visitarse, de forma totalmente gratuita, <\/span><strong style=\"text-align: justify; font-size: 1rem;\">desde el s\u00e1bado 4 de Diciembre y<\/strong> <strong style=\"text-align: justify; font-size: 1rem;\">hasta el domingo 9 de Enero en el horario habitual de la Colecci\u00f3n.\u00a0 <\/strong><span style=\"text-align: justify; font-size: 1rem;\">Como en anteriores ediciones, este Bel\u00e9n ha sido <\/span><strong style=\"text-align: justify; font-size: 1rem;\">elaborado por el grupo de belenistas voluntarios\/as<\/strong><span style=\"text-align: justify; font-size: 1rem;\"> y ocupa un lugar preferente dentro de la Colecci\u00f3n Museogr\u00e1fica del Mosaico Romano de nuestro pueblo, ya que vuelve a estar <\/span><strong style=\"text-align: justify; font-size: 1rem;\">instalado en la Sala de Exposiciones Temporales<\/strong><span style=\"text-align: justify; font-size: 1rem;\">.<\/span><\/div>\n<\/header>\n<div class=\"entry-content clearfix\">\n<p style=\"text-align: justify;\">Un a\u00f1o m\u00e1s, desde las Concejal\u00edas de Cultura y Festejos, <em>\u00abqueremos agradecer el gran trabajo desarrollado por el grupo de belenistas voluntarias y voluntarios, que cada a\u00f1o nos presentan un Bel\u00e9n muy elaborado y diferente al de a\u00f1os anteriores, as\u00ed como agradecer a los trabajadores municipales su colaboraci\u00f3n en este Bel\u00e9n, que ya se ha convertido en una tradici\u00f3n plenamente consolidada en la Navidad casariche\u00f1a\u00bb<\/em>.<\/p>\n<p style=\"text-align: justify;\"><strong>Cualquier d\u00eda entre el 4 de Diciembre y el 9 de Enero es bueno para visitarlo<\/strong>. \u00a1Os esperamos!<\/p>\n<p><img loading=\"lazy\" decoding=\"async\" class=\"aligncenter size-full wp-image-41676\" src=\"http:\/\/www.casariche.es\/wp-content\/uploads\/2021\/11\/CARTEL-BELEN-MUNICIPAL.jpg\" alt=\"\" width=\"796\" height=\"1124\" srcset=\"http:\/\/www.casariche.es\/wp-content\/uploads\/2021\/11\/CARTEL-BELEN-MUNICIPAL.jpg 796w, http:\/\/www.casariche.es\/wp-content\/uploads\/2021\/11\/CARTEL-BELEN-MUNICIPAL-212x300.jpg 212w, http:\/\/www.casariche.es\/wp-content\/uploads\/2021\/11\/CARTEL-BELEN-MUNICIPAL-725x1024.jpg 725w, http:\/\/www.casariche.es\/wp-content\/uploads\/2021\/11\/CARTEL-BELEN-MUNICIPAL-768x1084.jpg 768w\" sizes=\"auto, (max-width: 796px) 100vw, 796px\" \/><\/p>\n<p><img loading=\"lazy\" decoding=\"async\" class=\"aligncenter size-full wp-image-41667\" src=\"http:\/\/www.casariche.es\/wp-content\/uploads\/2021\/11\/Navidad-2021-Casariche-1.png\" alt=\"\" width=\"2245\" height=\"2245\" srcset=\"http:\/\/www.casariche.es\/wp-content\/uploads\/2021\/11\/Navidad-2021-Casariche-1.png 2245w, http:\/\/www.casariche.es\/wp-content\/uploads\/2021\/11\/Navidad-2021-Casariche-1-300x300.png 300w, http:\/\/www.casariche.es\/wp-content\/uploads\/2021\/11\/Navidad-2021-Casariche-1-1024x1024.png 1024w, http:\/\/www.casariche.es\/wp-content\/uploads\/2021\/11\/Navidad-2021-Casariche-1-150x150.png 150w, http:\/\/www.casariche.es\/wp-content\/uploads\/2021\/11\/Navidad-2021-Casariche-1-768x768.png 768w, http:\/\/www.casariche.es\/wp-content\/uploads\/2021\/11\/Navidad-2021-Casariche-1-1536x1536.png 1536w, http:\/\/www.casariche.es\/wp-content\/uploads\/2021\/11\/Navidad-2021-Casariche-1-2048x2048.png 2048w\" sizes=\"auto, (max-width: 2245px) 100vw, 2245px\" \/><\/p>\n<\/div>\n","protected":false},"excerpt":{"rendered":"<p>Un a\u00f1o m\u00e1s nuestra Colecci\u00f3n Museogr\u00e1fica se viste de Navidad con el Bel\u00e9n Municipal que podr\u00e1 podr\u00e1 visitarse, de forma totalmente gratuita, desde el s\u00e1bado<\/p>\n","protected":false},"author":2,"featured_media":41680,"comment_status":"closed","ping_status":"closed","sticky":false,"template":"","format":"standard","meta":{"footnotes":""},"categories":[1],"tags":[154,2241,31],"class_list":["post-41670","post","type-post","status-publish","format-standard","has-post-thumbnail","hentry","category-sin-categoria","tag-belen","tag-coleccion-museografica","tag-municipal"],"_links":{"self":[{"href":"http:\/\/www.casariche.es\/index.php?rest_route=\/wp\/v2\/posts\/41670","targetHints":{"allow":["GET"]}}],"collection":[{"href":"http:\/\/www.casariche.es\/index.php?rest_route=\/wp\/v2\/posts"}],"about":[{"href":"http:\/\/www.casariche.es\/index.php?rest_route=\/wp\/v2\/types\/post"}],"author":[{"embeddable":true,"href":"http:\/\/www.casariche.es\/index.php?rest_route=\/wp\/v2\/users\/2"}],"replies":[{"embeddable":true,"href":"http:\/\/www.casariche.es\/index.php?rest_route=%2Fwp%2Fv2%2Fcomments&post=41670"}],"version-history":[{"count":8,"href":"http:\/\/www.casariche.es\/index.php?rest_route=\/wp\/v2\/posts\/41670\/revisions"}],"predecessor-version":[{"id":41838,"href":"http:\/\/www.casariche.es\/index.php?rest_route=\/wp\/v2\/posts\/41670\/revisions\/41838"}],"wp:featuredmedia":[{"embeddable":true,"href":"http:\/\/www.casariche.es\/index.php?rest_route=\/wp\/v2\/media\/41680"}],"wp:attachment":[{"href":"http:\/\/www.casariche.es\/index.php?rest_route=%2Fwp%2Fv2%2Fmedia&parent=41670"}],"wp:term":[{"taxonomy":"category","embeddable":true,"href":"http:\/\/www.casariche.es\/index.php?rest_route=%2Fwp%2Fv2%2Fcategories&post=41670"},{"taxonomy":"post_tag","embeddable":true,"href":"http:\/\/www.casariche.es\/index.php?rest_route=%2Fwp%2Fv2%2Ftags&post=41670"}],"curies":[{"name":"wp","href":"https:\/\/api.w.org\/{rel}","templated":true}]}}