{"id":41350,"date":"2021-11-22T12:20:31","date_gmt":"2021-11-22T11:20:31","guid":{"rendered":"http:\/\/www.casariche.es\/?p=41350"},"modified":"2021-11-22T13:06:34","modified_gmt":"2021-11-22T12:06:34","slug":"el-sabado-27-de-noviembre-se-llevara-a-cabo-un-acto-homenaje-en-memoria-de-rafael-valencia-rodriguez-y-manuel-herrera-rodas","status":"publish","type":"post","link":"http:\/\/www.casariche.es\/?p=41350","title":{"rendered":"El s\u00e1bado 27 de noviembre se llevar\u00e1 a cabo un acto homenaje en memoria de Rafael Valencia Rodr\u00edguez y Manuel Herrera Rodas"},"content":{"rendered":"<p>Nuestro Teatro Municipal acoger\u00e1 el pr\u00f3ximo s\u00e1bado 27 de noviembre un <strong>acto homenaje en memoria de los recientemente fallecidos Rafael Valencia Rodr\u00edguez y Manuel Herrera Rodas<\/strong>. Adem\u00e1s, durante la tarde de dicho d\u00eda, se llevar\u00e1 a cabo el <strong>nombramiento p\u00f3stumo de Hijo Predilecto de Casariche a Manuel Herrera Rodas<\/strong>.<\/p>\n<p>Los actos se desarrollar\u00e1n durante todo el d\u00eda, siendo esta la programaci\u00f3n:<\/p>\n<p><strong>11.30 \u2013 13.30<\/strong>: El Ayuntamiento junto con la Facultad de Filolog\u00eda de la US y ASACHICA, har\u00e1n un <em><strong>homenaje p\u00f3stumo al arabista y profesor Dr. Rafael Valencia Rodr\u00edguez<\/strong><\/em>. En este acto participan los siguientes ponentes:<\/p>\n<ul>\n<li><strong>Mar\u00eda de los Santos Parrado\u00a0 Mar\u00edn. <\/strong>Teniente Alcalde del Ayuntamiento de Casariche.<\/li>\n<li><strong>Francisco J. Gonz\u00e1lez Ponce. <\/strong>Decano Facultad de Filolog\u00eda US.<\/li>\n<li><strong>Noel Rivas Bravo<\/strong>. Profesor de la US.<\/li>\n<li><strong>Miguel Polaino Orst<\/strong>. Vicedecano Facultad de Derecho US.<\/li>\n<\/ul>\n<p><strong>16.00 \u2013 18.00<\/strong>: El Ayuntamiento junto con la Facultad de Filolog\u00eda de la US y ASACHICA celebrar\u00e1n el <strong><em>acto homenaje a Manuel Herrera Rodas<\/em><\/strong>. En este acto participan los siguientes ponentes:<\/p>\n<ul>\n<li><strong>Basilio D. Carri\u00f3n Gil. <\/strong>Alcalde del Ayuntamiento de Casariche<\/li>\n<li><strong>Manuel Rodr\u00edguez Rodr\u00edguez \u201cManuel Curao\u201d. <\/strong>Presentador \u00a0y coordinador del acto.<\/li>\n<li><strong>Jos\u00e9 Cenizo Jim\u00e9nez.<\/strong> Profesor, poeta y escritor.<\/li>\n<li><strong>Rafael Infante Mac\u00edas<\/strong>. Ex Rector de la Universidad de Sevilla e impulsor de la C\u00e1tedra de Flamencolog\u00eda.<\/li>\n<li><strong>Calixto S\u00e1nchez Mar\u00edn<\/strong>. Cantaor, ex director del Centro Andaluz del Flamenco, Giraldillo primera Bienal de Flamenco 1980, coautor de \u201cAproximaci\u00f3n a una did\u00e1ctica del Flamenco\u201d.<\/li>\n<\/ul>\n<p>A continuaci\u00f3n <strong>acto de nombramiento p\u00f3stumo de Hijo predilecto de Casariche a Manuel Herrera Rodas<\/strong>.<\/p>\n<p><strong>18.30<\/strong>: <strong>Actuaci\u00f3n de flamenco a cargo de Armando Mateos<\/strong>, con el siguiente grupo:<\/p>\n<ul>\n<li>Al cante: Armando Mateos<\/li>\n<li>Al toque: Pedro Barrag\u00e1n<\/li>\n<li>A las palmas: Beatriz Rivero y\u00a0 Salom\u00e9 Humeau.<\/li>\n<\/ul>\n<p style=\"text-align: center;\"><img loading=\"lazy\" decoding=\"async\" class=\"aligncenter wp-image-41354 \" src=\"http:\/\/www.casariche.es\/wp-content\/uploads\/2021\/11\/HOMENAJE-DEFINITIVO-724x1024.png\" alt=\"\" width=\"600\" height=\"849\" srcset=\"http:\/\/www.casariche.es\/wp-content\/uploads\/2021\/11\/HOMENAJE-DEFINITIVO-724x1024.png 724w, http:\/\/www.casariche.es\/wp-content\/uploads\/2021\/11\/HOMENAJE-DEFINITIVO-212x300.png 212w, http:\/\/www.casariche.es\/wp-content\/uploads\/2021\/11\/HOMENAJE-DEFINITIVO-768x1086.png 768w, http:\/\/www.casariche.es\/wp-content\/uploads\/2021\/11\/HOMENAJE-DEFINITIVO-1086x1536.png 1086w, http:\/\/www.casariche.es\/wp-content\/uploads\/2021\/11\/HOMENAJE-DEFINITIVO-1448x2048.png 1448w, http:\/\/www.casariche.es\/wp-content\/uploads\/2021\/11\/HOMENAJE-DEFINITIVO.png 1587w\" sizes=\"auto, (max-width: 600px) 100vw, 600px\" \/><\/p>\n","protected":false},"excerpt":{"rendered":"<p>Nuestro Teatro Municipal acoger\u00e1 el pr\u00f3ximo s\u00e1bado 27 de noviembre un acto homenaje en memoria de los recientemente fallecidos Rafael Valencia Rodr\u00edguez y Manuel Herrera<\/p>\n","protected":false},"author":1,"featured_media":41355,"comment_status":"closed","ping_status":"closed","sticky":false,"template":"","format":"standard","meta":{"footnotes":""},"categories":[1],"tags":[13,3980,3979,3981,3982],"class_list":["post-41350","post","type-post","status-publish","format-standard","has-post-thumbnail","hentry","category-sin-categoria","tag-casariche","tag-hijo-predileco","tag-homenajes","tag-manuel-herrera-rodas","tag-rafael-valencia-rodriguez"],"_links":{"self":[{"href":"http:\/\/www.casariche.es\/index.php?rest_route=\/wp\/v2\/posts\/41350","targetHints":{"allow":["GET"]}}],"collection":[{"href":"http:\/\/www.casariche.es\/index.php?rest_route=\/wp\/v2\/posts"}],"about":[{"href":"http:\/\/www.casariche.es\/index.php?rest_route=\/wp\/v2\/types\/post"}],"author":[{"embeddable":true,"href":"http:\/\/www.casariche.es\/index.php?rest_route=\/wp\/v2\/users\/1"}],"replies":[{"embeddable":true,"href":"http:\/\/www.casariche.es\/index.php?rest_route=%2Fwp%2Fv2%2Fcomments&post=41350"}],"version-history":[{"count":2,"href":"http:\/\/www.casariche.es\/index.php?rest_route=\/wp\/v2\/posts\/41350\/revisions"}],"predecessor-version":[{"id":41360,"href":"http:\/\/www.casariche.es\/index.php?rest_route=\/wp\/v2\/posts\/41350\/revisions\/41360"}],"wp:featuredmedia":[{"embeddable":true,"href":"http:\/\/www.casariche.es\/index.php?rest_route=\/wp\/v2\/media\/41355"}],"wp:attachment":[{"href":"http:\/\/www.casariche.es\/index.php?rest_route=%2Fwp%2Fv2%2Fmedia&parent=41350"}],"wp:term":[{"taxonomy":"category","embeddable":true,"href":"http:\/\/www.casariche.es\/index.php?rest_route=%2Fwp%2Fv2%2Fcategories&post=41350"},{"taxonomy":"post_tag","embeddable":true,"href":"http:\/\/www.casariche.es\/index.php?rest_route=%2Fwp%2Fv2%2Ftags&post=41350"}],"curies":[{"name":"wp","href":"https:\/\/api.w.org\/{rel}","templated":true}]}}