{"id":39820,"date":"2021-08-25T12:16:57","date_gmt":"2021-08-25T10:16:57","guid":{"rendered":"http:\/\/www.casariche.es\/?p=39820"},"modified":"2021-08-25T12:16:57","modified_gmt":"2021-08-25T10:16:57","slug":"hoy-tampoco-se-han-registrado-nuevos-casos-positivos-por-covid19-manteniendose-estable-la-tasa-de-contagio","status":"publish","type":"post","link":"http:\/\/www.casariche.es\/?p=39820","title":{"rendered":"Hoy tampoco se han registrado nuevos casos positivos por COVID19, manteni\u00e9ndose estable la tasa de contagio"},"content":{"rendered":"<p><strong>En las \u00faltimas 24 horas no se han producido nuevos contagios por COVID19<\/strong> en Casariche seg\u00fan los \u00faltimos datos oficiales publicados por el Instituto de Estad\u00edstica y Cartograf\u00eda de Andaluc\u00eda y por la Consejer\u00eda de Salud y Familias.<\/p>\n<p><strong>Se mantienen estables los \u00abcasos activos positivos\u00bb de los \u00faltimos 7 y 14 d\u00edas, en 2 y 9 casos respectivamente. Asimismo, la tasa de contagio permanece en los 165&#8217;8 casos por cada 100.000 habitantes.<\/strong><\/p>\n<p>Que esta tendencia positiva se prolongue en el tiempo es labor de todos, y para ello <strong>debemos seguir las recomendaciones sanitarias y actuar siempre con prudencia y responsabilidad<\/strong>. Vencer al coronavirus es tarea de todos\/as.<\/p>\n<p>Mucho \u00e1nimo y fuerza, Casariche. \u00a1Juntos saldremos adelante!<\/p>\n<div style=\"width: 750px;\" class=\"wp-video\"><video class=\"wp-video-shortcode\" id=\"video-39820-1\" width=\"750\" height=\"422\" preload=\"metadata\" controls=\"controls\"><source type=\"video\/mp4\" src=\"http:\/\/www.casariche.es\/wp-content\/uploads\/2021\/08\/COVID19-24062021-16.mp4?_=1\" \/><a href=\"http:\/\/www.casariche.es\/wp-content\/uploads\/2021\/08\/COVID19-24062021-16.mp4\">http:\/\/www.casariche.es\/wp-content\/uploads\/2021\/08\/COVID19-24062021-16.mp4<\/a><\/video><\/div>\n","protected":false},"excerpt":{"rendered":"<p>En las \u00faltimas 24 horas no se han producido nuevos contagios por COVID19 en Casariche seg\u00fan los \u00faltimos datos oficiales publicados por el Instituto de<\/p>\n","protected":false},"author":1,"featured_media":39823,"comment_status":"closed","ping_status":"closed","sticky":false,"template":"","format":"standard","meta":{"footnotes":""},"categories":[1],"tags":[13,3247,2901,2900],"class_list":["post-39820","post","type-post","status-publish","format-standard","has-post-thumbnail","hentry","category-sin-categoria","tag-casariche","tag-casos-positivos","tag-coronavirus","tag-covid19"],"_links":{"self":[{"href":"http:\/\/www.casariche.es\/index.php?rest_route=\/wp\/v2\/posts\/39820","targetHints":{"allow":["GET"]}}],"collection":[{"href":"http:\/\/www.casariche.es\/index.php?rest_route=\/wp\/v2\/posts"}],"about":[{"href":"http:\/\/www.casariche.es\/index.php?rest_route=\/wp\/v2\/types\/post"}],"author":[{"embeddable":true,"href":"http:\/\/www.casariche.es\/index.php?rest_route=\/wp\/v2\/users\/1"}],"replies":[{"embeddable":true,"href":"http:\/\/www.casariche.es\/index.php?rest_route=%2Fwp%2Fv2%2Fcomments&post=39820"}],"version-history":[{"count":2,"href":"http:\/\/www.casariche.es\/index.php?rest_route=\/wp\/v2\/posts\/39820\/revisions"}],"predecessor-version":[{"id":39825,"href":"http:\/\/www.casariche.es\/index.php?rest_route=\/wp\/v2\/posts\/39820\/revisions\/39825"}],"wp:featuredmedia":[{"embeddable":true,"href":"http:\/\/www.casariche.es\/index.php?rest_route=\/wp\/v2\/media\/39823"}],"wp:attachment":[{"href":"http:\/\/www.casariche.es\/index.php?rest_route=%2Fwp%2Fv2%2Fmedia&parent=39820"}],"wp:term":[{"taxonomy":"category","embeddable":true,"href":"http:\/\/www.casariche.es\/index.php?rest_route=%2Fwp%2Fv2%2Fcategories&post=39820"},{"taxonomy":"post_tag","embeddable":true,"href":"http:\/\/www.casariche.es\/index.php?rest_route=%2Fwp%2Fv2%2Ftags&post=39820"}],"curies":[{"name":"wp","href":"https:\/\/api.w.org\/{rel}","templated":true}]}}