{"id":39804,"date":"2021-08-25T11:44:15","date_gmt":"2021-08-25T09:44:15","guid":{"rendered":"http:\/\/www.casariche.es\/?p=39804"},"modified":"2021-08-25T11:44:15","modified_gmt":"2021-08-25T09:44:15","slug":"la-asociacion-cultural-musical-maestro-vitito-ofrecera-su-tradicional-concierto-de-verano-este-sabado-dia-28-de-agosto","status":"publish","type":"post","link":"http:\/\/www.casariche.es\/?p=39804","title":{"rendered":"La Asociaci\u00f3n Cultural Musical \u00abMaestro Vitito\u00bb ofrecer\u00e1 su tradicional Concierto de Verano este s\u00e1bado d\u00eda 28 de agosto"},"content":{"rendered":"<p>Como es tradicional, la <strong>Asociaci\u00f3n Cultural Musical \u201cMaestro Vitito\u201d ofrecer\u00e1 un concierto de verano el pr\u00f3ximo s\u00e1bado d\u00eda 28 de agosto<\/strong> en la Plaza Alcalde Jos\u00e9 Ram\u00f3n Parrado Cano.<\/p>\n<p><strong>El concierto comenzar\u00e1 en torno a las 20:30 horas<\/strong>, as\u00ed que os esperamos para disfrutar de una magn\u00edfica noche estival al son de su m\u00fasica.<\/p>\n<p style=\"text-align: center;\"><a href=\"http:\/\/www.casariche.es\/wp-content\/uploads\/2021\/08\/WhatsApp-Image-2021-08-25-at-10.53.23.jpeg\"><img loading=\"lazy\" decoding=\"async\" class=\"wp-image-39805 aligncenter\" src=\"http:\/\/www.casariche.es\/wp-content\/uploads\/2021\/08\/WhatsApp-Image-2021-08-25-at-10.53.23-724x1024.jpeg\" alt=\"\" width=\"596\" height=\"843\" srcset=\"http:\/\/www.casariche.es\/wp-content\/uploads\/2021\/08\/WhatsApp-Image-2021-08-25-at-10.53.23-724x1024.jpeg 724w, http:\/\/www.casariche.es\/wp-content\/uploads\/2021\/08\/WhatsApp-Image-2021-08-25-at-10.53.23-212x300.jpeg 212w, http:\/\/www.casariche.es\/wp-content\/uploads\/2021\/08\/WhatsApp-Image-2021-08-25-at-10.53.23-768x1086.jpeg 768w, http:\/\/www.casariche.es\/wp-content\/uploads\/2021\/08\/WhatsApp-Image-2021-08-25-at-10.53.23.jpeg 842w\" sizes=\"auto, (max-width: 596px) 100vw, 596px\" \/><\/a><\/p>\n","protected":false},"excerpt":{"rendered":"<p>Como es tradicional, la Asociaci\u00f3n Cultural Musical \u201cMaestro Vitito\u201d ofrecer\u00e1 un concierto de verano el pr\u00f3ximo s\u00e1bado d\u00eda 28 de agosto en la Plaza Alcalde<\/p>\n","protected":false},"author":1,"featured_media":39817,"comment_status":"closed","ping_status":"closed","sticky":false,"template":"","format":"standard","meta":{"footnotes":""},"categories":[7,1],"tags":[],"class_list":["post-39804","post","type-post","status-publish","format-standard","has-post-thumbnail","hentry","category-cultura","category-sin-categoria"],"_links":{"self":[{"href":"http:\/\/www.casariche.es\/index.php?rest_route=\/wp\/v2\/posts\/39804","targetHints":{"allow":["GET"]}}],"collection":[{"href":"http:\/\/www.casariche.es\/index.php?rest_route=\/wp\/v2\/posts"}],"about":[{"href":"http:\/\/www.casariche.es\/index.php?rest_route=\/wp\/v2\/types\/post"}],"author":[{"embeddable":true,"href":"http:\/\/www.casariche.es\/index.php?rest_route=\/wp\/v2\/users\/1"}],"replies":[{"embeddable":true,"href":"http:\/\/www.casariche.es\/index.php?rest_route=%2Fwp%2Fv2%2Fcomments&post=39804"}],"version-history":[{"count":1,"href":"http:\/\/www.casariche.es\/index.php?rest_route=\/wp\/v2\/posts\/39804\/revisions"}],"predecessor-version":[{"id":39806,"href":"http:\/\/www.casariche.es\/index.php?rest_route=\/wp\/v2\/posts\/39804\/revisions\/39806"}],"wp:featuredmedia":[{"embeddable":true,"href":"http:\/\/www.casariche.es\/index.php?rest_route=\/wp\/v2\/media\/39817"}],"wp:attachment":[{"href":"http:\/\/www.casariche.es\/index.php?rest_route=%2Fwp%2Fv2%2Fmedia&parent=39804"}],"wp:term":[{"taxonomy":"category","embeddable":true,"href":"http:\/\/www.casariche.es\/index.php?rest_route=%2Fwp%2Fv2%2Fcategories&post=39804"},{"taxonomy":"post_tag","embeddable":true,"href":"http:\/\/www.casariche.es\/index.php?rest_route=%2Fwp%2Fv2%2Ftags&post=39804"}],"curies":[{"name":"wp","href":"https:\/\/api.w.org\/{rel}","templated":true}]}}